{"id":56573,"date":"2023-08-18T06:15:52","date_gmt":"2023-08-18T10:15:52","guid":{"rendered":"https:\/\/jms.com.bo\/mediamonitor\/2023\/08\/18\/fideicomiso-de-bs-22-millones-cubrira-perdidas-de-avicolas-de-cochabamba\/"},"modified":"2023-08-18T06:15:52","modified_gmt":"2023-08-18T10:15:52","slug":"fideicomiso-de-bs-22-millones-cubrira-perdidas-de-avicolas-de-cochabamba","status":"publish","type":"post","link":"https:\/\/jms.com.bo\/mediamonitor\/2023\/08\/18\/fideicomiso-de-bs-22-millones-cubrira-perdidas-de-avicolas-de-cochabamba\/","title":{"rendered":"Fideicomiso de Bs 22 millones cubrir\u00e1 p\u00e9rdidas de av\u00edcolas de Cochabamba"},"content":{"rendered":"<p style=\"text-align: justify;\">Un fideicomiso de 22 millones de bolivianos, aprobado en junio por el Gobierno, beneficiar\u00e1 a 20 familias av\u00edcolas de Cochabamba que sacrificaron todos sus pollos en granja, por la gripe aviar, que redujo la oferta del producto en el mercado interno.<\/p>\n<p style=\"text-align: justify;\">\u201cEstamos socializando y lanzando este fideicomiso que va a beneficiar a 20 familias que han perdido, pr\u00e1cticamente, todo. Han sacrificado todos los pollos que ten\u00edan cargados en su granja\u201d, inform\u00f3 ayer el viceministro de Desarrollo Rural Agropecuario, \u00c1lvaro Mollinedo.<\/p>\n<p style=\"text-align: justify;\">La autoridad explic\u00f3 que el fideicomiso de 22 millones de bolivianos fue aprobado por el Gobierno para coadyuvar a los av\u00edcolas afectados por la gripe aviar en Cochabamba y seguir garantizando la producci\u00f3n de huevo y carne de pollo para la poblaci\u00f3n boliviana.<\/p>\n<p style=\"text-align: justify;\">\u201cAhora estas familias necesitan el apoyo de nuestro Gobierno central porque han perdido todo. Justamente, ahora este cr\u00e9dito, este fideicomiso, les va a servir bastante para que puedan volver a producir (alimentos para la canasta familiar y) de esta manera seguir garantizando\u201d, a\u00f1adi\u00f3.<\/p>\n<p style=\"text-align: justify;\">Record\u00f3 que, a escala nacional, Cochabamba fue el \u00fanico departamento afectado por la gripe aviar.<\/p>\n<p style=\"text-align: justify;\">Los cr\u00e9ditos del fideicomiso, que tiene una duraci\u00f3n de ocho a\u00f1os, establecen una tasa de inter\u00e9s del 4,9%. Los interesados pueden iniciar sus tr\u00e1mites para beneficiarse de los mismos desde junio.<\/p>\n<p style=\"text-align: justify;\">El presidente de la Asociaci\u00f3n Departamental de Avicultores, Iv\u00e1n Carri\u00f3n, inform\u00f3 que el 80% de los afectados con la gripe aviar en Cochabamba recurrieron a cr\u00e9ditos bancarios y el fideicomiso activado por el Gobierno ayudar\u00e1 a recuperar las p\u00e9rdidas que sufri\u00f3 el sector.<\/p>\n<p style=\"text-align: justify;\">\u201cEsto va a beneficiar para que se reactive los avicultores que han sido damnificados (\u2026) con este apoyo econ\u00f3mico, que es un pr\u00e9stamo bastante blando, van a reactivarse y principalmente van a honrar muchas deudas que se han adquirido\u201d, expres\u00f3.<\/p>\n<p style=\"text-align: justify;\">Apuntes<\/p>\n<p style=\"text-align: justify;\">El 27 de enero de este a\u00f1o se confirm\u00f3 el brote de gripe aviar de alta patogenicidad en una granja de aves de postura (gallinas ponedoras de huevo) en el municipio de Sacaba del departamento de Cochabamba.<\/p>\n<p style=\"text-align: justify;\">Ante ello, el Ministerio de Desarrollo Rural y Tierras (MDRyT), junto con el Servicio Nacional de Sanidad Agropecuaria e Inocuidad Alimentaria (Senasag), declar\u00f3 emergencia zoosanitaria en Bolivia y activ\u00f3 un plan que cumpli\u00f3 con los par\u00e1metros internacionales, para controlar y erradicar la enfermedad.<\/p>\n<p style=\"text-align: justify;\">La enfermedad ocasion\u00f3 la p\u00e9rdida de unas 590.000 aves, entre muertas y sacrificadas, cifra menor respecto a otros pa\u00edses de la regi\u00f3n como Ecuador, que registr\u00f3 el deceso de 1,3 millones de aves.<\/p>\n<p style=\"text-align: justify;\">La influenza aviar, tambi\u00e9n conocida como gripe aviar, es una enfermedad infecciosa que principalmente afecta a las aves y es causada por un virus de la familia Orthomyxoviridae, seg\u00fan la Organizaci\u00f3n Panamericana de la Salud. (Abi).<\/p>\n<p>&nbsp;<\/p>\n","protected":false},"excerpt":{"rendered":"<p>Un fideicomiso de 22 millones de bolivianos, aprobado en junio por el Gobierno, beneficiar\u00e1 a 20 familias av\u00edcolas de Cochabamba que sacrificaron todos sus pollos en granja, por la gripe aviar, que redujo la oferta del producto en el mercado interno. \u201cEstamos socializando y lanzando este fideicomiso que va a beneficiar a 20 familias que [&hellip;]<\/p>\n","protected":false},"author":4,"featured_media":56574,"comment_status":"open","ping_status":"closed","sticky":false,"template":"","format":"standard","meta":{"footnotes":""},"categories":[52],"tags":[],"class_list":{"0":"post-56573","1":"post","2":"type-post","3":"status-publish","4":"format-standard","5":"has-post-thumbnail","7":"category-alimentos-agroindustria"},"_links":{"self":[{"href":"https:\/\/jms.com.bo\/mediamonitor\/wp-json\/wp\/v2\/posts\/56573","targetHints":{"allow":["GET"]}}],"collection":[{"href":"https:\/\/jms.com.bo\/mediamonitor\/wp-json\/wp\/v2\/posts"}],"about":[{"href":"https:\/\/jms.com.bo\/mediamonitor\/wp-json\/wp\/v2\/types\/post"}],"author":[{"embeddable":true,"href":"https:\/\/jms.com.bo\/mediamonitor\/wp-json\/wp\/v2\/users\/4"}],"replies":[{"embeddable":true,"href":"https:\/\/jms.com.bo\/mediamonitor\/wp-json\/wp\/v2\/comments?post=56573"}],"version-history":[{"count":0,"href":"https:\/\/jms.com.bo\/mediamonitor\/wp-json\/wp\/v2\/posts\/56573\/revisions"}],"wp:featuredmedia":[{"embeddable":true,"href":"https:\/\/jms.com.bo\/mediamonitor\/wp-json\/wp\/v2\/media\/56574"}],"wp:attachment":[{"href":"https:\/\/jms.com.bo\/mediamonitor\/wp-json\/wp\/v2\/media?parent=56573"}],"wp:term":[{"taxonomy":"category","embeddable":true,"href":"https:\/\/jms.com.bo\/mediamonitor\/wp-json\/wp\/v2\/categories?post=56573"},{"taxonomy":"post_tag","embeddable":true,"href":"https:\/\/jms.com.bo\/mediamonitor\/wp-json\/wp\/v2\/tags?post=56573"}],"curies":[{"name":"wp","href":"https:\/\/api.w.org\/{rel}","templated":true}]}}