{"id":56575,"date":"2023-08-18T06:16:57","date_gmt":"2023-08-18T10:16:57","guid":{"rendered":"https:\/\/jms.com.bo\/mediamonitor\/2023\/08\/18\/productores-bananeros-denuncian-que-argentina-les-debe-mas-de-us-7-millones\/"},"modified":"2023-08-18T06:16:57","modified_gmt":"2023-08-18T10:16:57","slug":"productores-bananeros-denuncian-que-argentina-les-debe-mas-de-us-7-millones","status":"publish","type":"post","link":"https:\/\/jms.com.bo\/mediamonitor\/2023\/08\/18\/productores-bananeros-denuncian-que-argentina-les-debe-mas-de-us-7-millones\/","title":{"rendered":"Productores bananeros denuncian que Argentina les debe m\u00e1s de $us 7 millones"},"content":{"rendered":"<p style=\"text-align: justify;\">Los productores bananeros del Tr\u00f3pico cochabambino denunciaron este jueves que Argentina, principal comprador del producto, les debe m\u00e1s de $us 7 millones y pidieron la ayuda del Gobierno para cobrar esa deuda. Advierten con movilizarse a partir del lunes.<\/p>\n<p style=\"text-align: justify;\">El dirigente Agust\u00edn Conde inform\u00f3 que una comisi\u00f3n de los productores se encuentra en La Paz gestionando una reuni\u00f3n con el ministro de Relaciones Exteriores. Les preocupa que la crisis en Argentina agrave la situaci\u00f3n y no puedan recuperar su inversi\u00f3n.<\/p>\n<p style=\"text-align: justify;\">\u201cEl d\u00f3lar ha subido y eso nos afecta. De una vez que hablen (con autoridades de Argentina) y que digan qu\u00e9 es lo que va pasar, cada vez nos quieren cerrar el mercado. All\u00e1 no hay d\u00f3lares y les cuesta conseguir para pagar, la deuda ya es f\u00e1cilmente $us 7 millones, son varias empresas afectadas\u201d, dijo Conde en Fides.<\/p>\n<p style=\"text-align: justify;\">Explic\u00f3 que, si el Gobierno no les ayuda e intercede con Argentina para cobrar la deuda, el lunes llegar\u00e1n desde el tr\u00f3pico con sus camiones con bananas y las dejar\u00e1n en puertas de la Canciller\u00eda.<\/p>\n<p style=\"text-align: justify;\">Argentina es el principal consumidor del banano boliviano. Seg\u00fan datos oficiales, entre enero y noviembre de 2022, las ventas alcanzaron a $us 41 millones.<\/p>\n<p style=\"text-align: justify;\">El tr\u00f3pico de Cochabamba se caracteriza por ser el principal productor y exportador de banano. Las ventas al mercado internacional son el sustento de aproximadamente 25.000 familias en el Chapare.<\/p>\n","protected":false},"excerpt":{"rendered":"<p>Los productores bananeros del Tr\u00f3pico cochabambino denunciaron este jueves que Argentina, principal comprador del producto, les debe m\u00e1s de $us 7 millones y pidieron la ayuda del Gobierno para cobrar esa deuda. Advierten con movilizarse a partir del lunes. El dirigente Agust\u00edn Conde inform\u00f3 que una comisi\u00f3n de los productores se encuentra en La Paz [&hellip;]<\/p>\n","protected":false},"author":4,"featured_media":56576,"comment_status":"open","ping_status":"closed","sticky":false,"template":"","format":"standard","meta":{"footnotes":""},"categories":[52],"tags":[],"class_list":{"0":"post-56575","1":"post","2":"type-post","3":"status-publish","4":"format-standard","5":"has-post-thumbnail","7":"category-alimentos-agroindustria"},"_links":{"self":[{"href":"https:\/\/jms.com.bo\/mediamonitor\/wp-json\/wp\/v2\/posts\/56575","targetHints":{"allow":["GET"]}}],"collection":[{"href":"https:\/\/jms.com.bo\/mediamonitor\/wp-json\/wp\/v2\/posts"}],"about":[{"href":"https:\/\/jms.com.bo\/mediamonitor\/wp-json\/wp\/v2\/types\/post"}],"author":[{"embeddable":true,"href":"https:\/\/jms.com.bo\/mediamonitor\/wp-json\/wp\/v2\/users\/4"}],"replies":[{"embeddable":true,"href":"https:\/\/jms.com.bo\/mediamonitor\/wp-json\/wp\/v2\/comments?post=56575"}],"version-history":[{"count":0,"href":"https:\/\/jms.com.bo\/mediamonitor\/wp-json\/wp\/v2\/posts\/56575\/revisions"}],"wp:featuredmedia":[{"embeddable":true,"href":"https:\/\/jms.com.bo\/mediamonitor\/wp-json\/wp\/v2\/media\/56576"}],"wp:attachment":[{"href":"https:\/\/jms.com.bo\/mediamonitor\/wp-json\/wp\/v2\/media?parent=56575"}],"wp:term":[{"taxonomy":"category","embeddable":true,"href":"https:\/\/jms.com.bo\/mediamonitor\/wp-json\/wp\/v2\/categories?post=56575"},{"taxonomy":"post_tag","embeddable":true,"href":"https:\/\/jms.com.bo\/mediamonitor\/wp-json\/wp\/v2\/tags?post=56575"}],"curies":[{"name":"wp","href":"https:\/\/api.w.org\/{rel}","templated":true}]}}