{"id":56577,"date":"2023-08-18T06:19:21","date_gmt":"2023-08-18T10:19:21","guid":{"rendered":"https:\/\/jms.com.bo\/mediamonitor\/2023\/08\/18\/choferes-de-el-alto-cobraran-una-tarifa-nocturna-de-bs-2-pese-al-incremento-de-pasajes\/"},"modified":"2023-08-18T06:19:21","modified_gmt":"2023-08-18T10:19:21","slug":"choferes-de-el-alto-cobraran-una-tarifa-nocturna-de-bs-2-pese-al-incremento-de-pasajes","status":"publish","type":"post","link":"https:\/\/jms.com.bo\/mediamonitor\/2023\/08\/18\/choferes-de-el-alto-cobraran-una-tarifa-nocturna-de-bs-2-pese-al-incremento-de-pasajes\/","title":{"rendered":"Choferes de El Alto cobrar\u00e1n una tarifa nocturna de Bs 2, pese al incremento de pasajes"},"content":{"rendered":"<p style=\"text-align: justify;\">Aunque lograron con dos d\u00edas de paro incrementar el pasaje a Bs 1,50, choferes de El Alto no piensan retroceder con el cobro m\u00e1s elevado de tarifa nocturna, desde las 20.00, de Bs 2, pese a que la Alcald\u00eda hab\u00eda asegurado que esto deb\u00eda desaparecer.<\/p>\n<p style=\"text-align: justify;\">\u201cEstar\u00edan cobrando dos bolivianos, pero el usuario sabe, conoce, no es de ahora. Quiero aclarar, m\u00e1s bien, estamos bajando la tarifa, de lo que hab\u00eda un desorden\u201d, expres\u00f3 el ejecutivo de la Federaci\u00f3n Andina de Choferes, Reynaldo Luna.<\/p>\n<p style=\"text-align: justify;\">La aplicaci\u00f3n de una tarifa nocturna no fue incluida en el acuerdo firmado entre organizaciones, la Alcald\u00eda y la representaci\u00f3n del transporte p\u00fablico en el di\u00e1logo del martes que termin\u00f3 con la autorizaci\u00f3n de un incremento de pasajes a Bs 1,50. No obstante, Luna asegura que se inform\u00f3 de esto.<\/p>\n<p style=\"text-align: justify;\">TARIFA NOCTURNA<\/p>\n<p style=\"text-align: justify;\">\u201cHemos aclarado nosotros a los sectores sociales (\u2026). Nos tienen nom\u00e1s que entender nuestros usuarios, la poblaci\u00f3n, porque ya no hay de vuelta el pasajero\u201d, indic\u00f3 el dirigente.<\/p>\n<p style=\"text-align: justify;\">Es as\u00ed, que la poblaci\u00f3n se ve obligada a acatar el incremento de pasaje a Bs 1,50 y, desde las 20.00, elevar este costo a Bs 2. Esto pese a que la Alcald\u00eda hab\u00eda asegurado que con el incremento no se contemplar\u00eda ya la tarifa nocturna.<\/p>\n<p style=\"text-align: justify;\">En tanto, siguen las quejas de la poblaci\u00f3n. En la Ceja se ha reportado a\u00fan incumplimiento de rutas completas y persistencia de paradas moment\u00e1neas, por ejemplo, en Ciudad Sat\u00e9lite, en la plaza principal donde se estacionan decenas de minibuses; este barrio incluso se inform\u00f3, por redes sociales, la intenci\u00f3n de conductores de trufis \u2018interciudad\u2019 de incrementar sus tarifas, pese a que el acuerdo con la Alcald\u00eda de El Alto no contempla ni avala aquello.<\/p>\n","protected":false},"excerpt":{"rendered":"<p>Aunque lograron con dos d\u00edas de paro incrementar el pasaje a Bs 1,50, choferes de El Alto no piensan retroceder con el cobro m\u00e1s elevado de tarifa nocturna, desde las 20.00, de Bs 2, pese a que la Alcald\u00eda hab\u00eda asegurado que esto deb\u00eda desaparecer. \u201cEstar\u00edan cobrando dos bolivianos, pero el usuario sabe, conoce, no [&hellip;]<\/p>\n","protected":false},"author":4,"featured_media":56578,"comment_status":"open","ping_status":"closed","sticky":false,"template":"","format":"standard","meta":{"footnotes":""},"categories":[49],"tags":[],"class_list":{"0":"post-56577","1":"post","2":"type-post","3":"status-publish","4":"format-standard","5":"has-post-thumbnail","7":"category-social"},"_links":{"self":[{"href":"https:\/\/jms.com.bo\/mediamonitor\/wp-json\/wp\/v2\/posts\/56577","targetHints":{"allow":["GET"]}}],"collection":[{"href":"https:\/\/jms.com.bo\/mediamonitor\/wp-json\/wp\/v2\/posts"}],"about":[{"href":"https:\/\/jms.com.bo\/mediamonitor\/wp-json\/wp\/v2\/types\/post"}],"author":[{"embeddable":true,"href":"https:\/\/jms.com.bo\/mediamonitor\/wp-json\/wp\/v2\/users\/4"}],"replies":[{"embeddable":true,"href":"https:\/\/jms.com.bo\/mediamonitor\/wp-json\/wp\/v2\/comments?post=56577"}],"version-history":[{"count":0,"href":"https:\/\/jms.com.bo\/mediamonitor\/wp-json\/wp\/v2\/posts\/56577\/revisions"}],"wp:featuredmedia":[{"embeddable":true,"href":"https:\/\/jms.com.bo\/mediamonitor\/wp-json\/wp\/v2\/media\/56578"}],"wp:attachment":[{"href":"https:\/\/jms.com.bo\/mediamonitor\/wp-json\/wp\/v2\/media?parent=56577"}],"wp:term":[{"taxonomy":"category","embeddable":true,"href":"https:\/\/jms.com.bo\/mediamonitor\/wp-json\/wp\/v2\/categories?post=56577"},{"taxonomy":"post_tag","embeddable":true,"href":"https:\/\/jms.com.bo\/mediamonitor\/wp-json\/wp\/v2\/tags?post=56577"}],"curies":[{"name":"wp","href":"https:\/\/api.w.org\/{rel}","templated":true}]}}