{"id":56579,"date":"2023-08-18T06:20:46","date_gmt":"2023-08-18T10:20:46","guid":{"rendered":"https:\/\/jms.com.bo\/mediamonitor\/2023\/08\/18\/tension-en-la-federacion-de-campesinos-de-tarija-presencia-policial-agudiza-la-situacion\/"},"modified":"2023-08-18T06:20:46","modified_gmt":"2023-08-18T10:20:46","slug":"tension-en-la-federacion-de-campesinos-de-tarija-presencia-policial-agudiza-la-situacion","status":"publish","type":"post","link":"https:\/\/jms.com.bo\/mediamonitor\/2023\/08\/18\/tension-en-la-federacion-de-campesinos-de-tarija-presencia-policial-agudiza-la-situacion\/","title":{"rendered":"Tensi\u00f3n en la Federaci\u00f3n de Campesinos de Tarija, presencia policial agudiza la situaci\u00f3n"},"content":{"rendered":"<p style=\"text-align: justify;\">La ma\u00f1ana de este jueves, la Federaci\u00f3n Sindical \u00danica de Comunidades Campesinas de Tarija (Fsucct) se convirti\u00f3 en escenario de tensi\u00f3n y forcejeos entre campesinos y fuerzas policiales.<\/p>\n<p style=\"text-align: justify;\">Durante una protesta, miembros de siete sub centrales intentaron expulsar a empujones a los efectivos policiales que resguardaban la sede de la Federaci\u00f3n, en un intento por ingresar y realizar un ampliado. Los incidentes surgieron despu\u00e9s de una marcha que parti\u00f3 desde el Parque Tem\u00e1tico.<\/p>\n<p style=\"text-align: justify;\">Seg\u00fan reportes de PlusTLT, incluso el subcomandante de la Polic\u00eda, Ivar Ortiz, fue rociado con agua durante los enfrentamientos. Los campesinos buscaban ingresar a los espacios de la federaci\u00f3n para llevar a cabo un ampliado. No obstante, se encontraron con un contingente policial resguardando las puertas del edificio.<\/p>\n<p style=\"text-align: justify;\">La Federaci\u00f3n de Campesinos de Tarija, organizaci\u00f3n social puntal del Movimiento al Socialismo (MAS), ha estado sumida en conflictos internos desde el fallido congreso departamental del 25 de junio. Las disputas han impedido fijar una fecha para la reanudaci\u00f3n de las elecciones de la directiva.<\/p>\n<p style=\"text-align: justify;\">Los dirigentes de las sub centrales alegan que Aldo Vel\u00e1squez, cuyo mandato interino habr\u00eda concluido, intenta prolongar su gesti\u00f3n durante 90 d\u00edas adicionales a trav\u00e9s de la Confederaci\u00f3n Nacional. Sin embargo, esta instituci\u00f3n ya hab\u00eda anunciado que las elecciones para la nueva directiva se llevar\u00edan a cabo en octubre.<\/p>\n<p style=\"text-align: justify;\">Al no poder ingresar a la sede, desde fuera de la central de campesinos, Rivelino Zenteno, Jos\u00e9 Luis Virulla y otros dirigentes consultaron a los movilizados si estaban de acuerdo con ratificar la convocatoria para la elecci\u00f3n de la nueva directiva para los d\u00edas 13 y 14 de octubre, a lo que los asistentes respondieron que s\u00ed. As\u00ed tambi\u00e9n, se tom\u00f3 la decisi\u00f3n de declarar \u00abenemigo\u00bb a Aldo Vel\u00e1squez y a Eber Rojas.<\/p>\n<p style=\"text-align: justify;\">Este \u00faltimo episodio de tensi\u00f3n resalta las divisiones internas y los desaf\u00edos que enfrenta la Federaci\u00f3n de Campesinos de Tarija en su b\u00fasqueda por establecer un liderazgo unificado y avanzar en sus objetivos como organizaci\u00f3n.<\/p>\n","protected":false},"excerpt":{"rendered":"<p>La ma\u00f1ana de este jueves, la Federaci\u00f3n Sindical \u00danica de Comunidades Campesinas de Tarija (Fsucct) se convirti\u00f3 en escenario de tensi\u00f3n y forcejeos entre campesinos y fuerzas policiales. Durante una protesta, miembros de siete sub centrales intentaron expulsar a empujones a los efectivos policiales que resguardaban la sede de la Federaci\u00f3n, en un intento por [&hellip;]<\/p>\n","protected":false},"author":4,"featured_media":56580,"comment_status":"open","ping_status":"closed","sticky":false,"template":"","format":"standard","meta":{"footnotes":""},"categories":[49],"tags":[],"class_list":{"0":"post-56579","1":"post","2":"type-post","3":"status-publish","4":"format-standard","5":"has-post-thumbnail","7":"category-social"},"_links":{"self":[{"href":"https:\/\/jms.com.bo\/mediamonitor\/wp-json\/wp\/v2\/posts\/56579","targetHints":{"allow":["GET"]}}],"collection":[{"href":"https:\/\/jms.com.bo\/mediamonitor\/wp-json\/wp\/v2\/posts"}],"about":[{"href":"https:\/\/jms.com.bo\/mediamonitor\/wp-json\/wp\/v2\/types\/post"}],"author":[{"embeddable":true,"href":"https:\/\/jms.com.bo\/mediamonitor\/wp-json\/wp\/v2\/users\/4"}],"replies":[{"embeddable":true,"href":"https:\/\/jms.com.bo\/mediamonitor\/wp-json\/wp\/v2\/comments?post=56579"}],"version-history":[{"count":0,"href":"https:\/\/jms.com.bo\/mediamonitor\/wp-json\/wp\/v2\/posts\/56579\/revisions"}],"wp:featuredmedia":[{"embeddable":true,"href":"https:\/\/jms.com.bo\/mediamonitor\/wp-json\/wp\/v2\/media\/56580"}],"wp:attachment":[{"href":"https:\/\/jms.com.bo\/mediamonitor\/wp-json\/wp\/v2\/media?parent=56579"}],"wp:term":[{"taxonomy":"category","embeddable":true,"href":"https:\/\/jms.com.bo\/mediamonitor\/wp-json\/wp\/v2\/categories?post=56579"},{"taxonomy":"post_tag","embeddable":true,"href":"https:\/\/jms.com.bo\/mediamonitor\/wp-json\/wp\/v2\/tags?post=56579"}],"curies":[{"name":"wp","href":"https:\/\/api.w.org\/{rel}","templated":true}]}}