{"id":56583,"date":"2023-08-18T06:23:42","date_gmt":"2023-08-18T10:23:42","guid":{"rendered":"https:\/\/jms.com.bo\/mediamonitor\/2023\/08\/18\/pese-al-dano-de-la-mineria-en-rios-en-la-alp-80-contratos-esperan-aprobacion\/"},"modified":"2023-08-18T06:23:42","modified_gmt":"2023-08-18T10:23:42","slug":"pese-al-dano-de-la-mineria-en-rios-en-la-alp-80-contratos-esperan-aprobacion","status":"publish","type":"post","link":"https:\/\/jms.com.bo\/mediamonitor\/2023\/08\/18\/pese-al-dano-de-la-mineria-en-rios-en-la-alp-80-contratos-esperan-aprobacion\/","title":{"rendered":"Pese al da\u00f1o de la miner\u00eda en r\u00edos, en la ALP 80 contratos esperan aprobaci\u00f3n"},"content":{"rendered":"<p style=\"text-align: justify;\">Pese a la situaci\u00f3n cr\u00edtica del medioambiente en el pa\u00eds por la contaminaci\u00f3n de los r\u00edos debido a la explotaci\u00f3n aur\u00edfera u otros minerales, en la Asamblea Legislativa se tiene pendiente una serie de proyectos de contratos administrativos para llevar adelante esta actividad, adem\u00e1s de la exploraci\u00f3n de hidrocarburos en \u00e1reas reservadas.<\/p>\n<p style=\"text-align: justify;\">De acuerdo con la agenda establecida en el Legislativo, se tienen 80 contratos administrativos mineros en espera de aprobaci\u00f3n. Sin embargo, en las \u00faltimas semanas, en el Senado Nacional se rechazaron 23 contratos administrativos por una serie de observaciones planteadas por las comisiones de Econom\u00eda Plural y de Medio Ambiente.<\/p>\n<p style=\"text-align: justify;\">\u201cHemos rechazado ya unos contratos mineros que pasaron por la Asamblea, 23 contratos mineros donde hemos encontrado graves irregularidades porque la AJAM, (Autoridad Jurisdiccional Administrativa Minera) no hace bien su trabajo\u201d, explic\u00f3 la senadora por Comunidad Ciudadana (CC) Cecilia Requena.<\/p>\n<p style=\"text-align: justify;\">Su colega senador Santiago Ticona (CC) se\u00f1al\u00f3 la deficiencia que existe en entidades estatales para proteger, defender el sistema medioambiental de Bolivia y por el contrario se constituyen en defensores de actividades ilegales.<\/p>\n<p style=\"text-align: justify;\">\u201cAnte las \u00faltimas situaciones presentadas en el Madidi, por ejemplo, representantes gubernamentales han defendido actividades ilegales mineras\u201d, dijo.<\/p>\n<p style=\"text-align: justify;\">Requena explic\u00f3 que en Bolivia se ha presentado el problema de la miner\u00eda descontrolada, entre las que est\u00e1n la legal e ilegal, en que la actividad extractivista est\u00e1 destruyendo el territorio de comunidades ind\u00edgenas.<\/p>\n<p style=\"text-align: justify;\">\u201cHemos encontrado graves irregularidades en los contratos administrativos, lo que demuestra un trabajo deficiente de la AJAM. Por ejemplo, en las irregularidades administrativas est\u00e1n las de plazo, observaciones realizadas por la Comisi\u00f3n de Econom\u00eda Plural, pero esto va m\u00e1s all\u00e1, que todos estos contratos est\u00e1n en cursos de agua y que seg\u00fan la Ley Minera deber\u00edan tener un estudio multisectorial, consulta previa, de acuerdo con lo que observ\u00f3 la Comisi\u00f3n de Medioambiente\u201d, indic\u00f3.<\/p>\n<p style=\"text-align: justify;\">Presi\u00f3n<\/p>\n<p style=\"text-align: justify;\">Requena alert\u00f3 a la poblaci\u00f3n estar atenta, toda vez que legisladores representantes del sector minero advirtieron sobre posibles movilizaciones, si es que no se aprueban los contratos mineros.<\/p>\n<p style=\"text-align: justify;\">\u201cVan a tratar de arreglar las observaciones administrativas y ver que se aprueben los contratos\u201d, manifest\u00f3.<\/p>\n<p style=\"text-align: justify;\">Proyectos de YPFB en \u00e1reas reservadas<\/p>\n<p style=\"text-align: justify;\">La C\u00e1mara de Diputados aprob\u00f3, el 16 de agosto, proyectos de ley que est\u00e1n relacionados con la aprobaci\u00f3n de contratos de servicios petroleros destinados a la exploraci\u00f3n y explotaci\u00f3n en \u00e1reas reservadas a favor de Yacimientos Petrol\u00edferos Fiscales Bolivianos (YPFB).<\/p>\n<p style=\"text-align: justify;\">Una en el \u00e1rea Sayurenda, ubicada en el departamento de Tarija; otra en el \u00e1rea Carandaiti, ubicada en los departamentos de Santa Cruz, Chuquisaca y Tarija, y la \u00faltima en el \u00e1rea Yuarenda, ubicada en el departamento de Tarija.<\/p>\n<p style=\"text-align: justify;\">\n","protected":false},"excerpt":{"rendered":"<p>Pese a la situaci\u00f3n cr\u00edtica del medioambiente en el pa\u00eds por la contaminaci\u00f3n de los r\u00edos debido a la explotaci\u00f3n aur\u00edfera u otros minerales, en la Asamblea Legislativa se tiene pendiente una serie de proyectos de contratos administrativos para llevar adelante esta actividad, adem\u00e1s de la exploraci\u00f3n de hidrocarburos en \u00e1reas reservadas. De acuerdo con [&hellip;]<\/p>\n","protected":false},"author":4,"featured_media":56584,"comment_status":"open","ping_status":"closed","sticky":false,"template":"","format":"standard","meta":{"footnotes":""},"categories":[20],"tags":[],"class_list":{"0":"post-56583","1":"post","2":"type-post","3":"status-publish","4":"format-standard","5":"has-post-thumbnail","7":"category-actualidad"},"_links":{"self":[{"href":"https:\/\/jms.com.bo\/mediamonitor\/wp-json\/wp\/v2\/posts\/56583","targetHints":{"allow":["GET"]}}],"collection":[{"href":"https:\/\/jms.com.bo\/mediamonitor\/wp-json\/wp\/v2\/posts"}],"about":[{"href":"https:\/\/jms.com.bo\/mediamonitor\/wp-json\/wp\/v2\/types\/post"}],"author":[{"embeddable":true,"href":"https:\/\/jms.com.bo\/mediamonitor\/wp-json\/wp\/v2\/users\/4"}],"replies":[{"embeddable":true,"href":"https:\/\/jms.com.bo\/mediamonitor\/wp-json\/wp\/v2\/comments?post=56583"}],"version-history":[{"count":0,"href":"https:\/\/jms.com.bo\/mediamonitor\/wp-json\/wp\/v2\/posts\/56583\/revisions"}],"wp:featuredmedia":[{"embeddable":true,"href":"https:\/\/jms.com.bo\/mediamonitor\/wp-json\/wp\/v2\/media\/56584"}],"wp:attachment":[{"href":"https:\/\/jms.com.bo\/mediamonitor\/wp-json\/wp\/v2\/media?parent=56583"}],"wp:term":[{"taxonomy":"category","embeddable":true,"href":"https:\/\/jms.com.bo\/mediamonitor\/wp-json\/wp\/v2\/categories?post=56583"},{"taxonomy":"post_tag","embeddable":true,"href":"https:\/\/jms.com.bo\/mediamonitor\/wp-json\/wp\/v2\/tags?post=56583"}],"curies":[{"name":"wp","href":"https:\/\/api.w.org\/{rel}","templated":true}]}}