{"id":56585,"date":"2023-08-18T06:24:49","date_gmt":"2023-08-18T10:24:49","guid":{"rendered":"https:\/\/jms.com.bo\/mediamonitor\/2023\/08\/18\/la-amt-sugiere-enfocarse-en-prevenir-la-sequia\/"},"modified":"2023-08-18T06:24:49","modified_gmt":"2023-08-18T10:24:49","slug":"la-amt-sugiere-enfocarse-en-prevenir-la-sequia","status":"publish","type":"post","link":"https:\/\/jms.com.bo\/mediamonitor\/2023\/08\/18\/la-amt-sugiere-enfocarse-en-prevenir-la-sequia\/","title":{"rendered":"La AMT sugiere enfocarse en prevenir la sequ\u00eda"},"content":{"rendered":"<p style=\"text-align: justify;\">Se acerca la \u00e9poca de sequ\u00eda en todo el pa\u00eds, y desde la Asociaci\u00f3n de Municipio de Tarija (AMT) sugieren enfocarse en la prevenci\u00f3n. Gustavo Ruiz, director ejecutivo de esa organizaci\u00f3n, dijo que existe preocupaci\u00f3n por la falta de agua para riego e incluso para consumo.<\/p>\n<p style=\"text-align: justify;\">Ruiz record\u00f3 que el 2022 se registr\u00f3 una persistente sequ\u00eda, que afect\u00f3 a varios municipios del departamento de Tarija. \u201cSabemos que este periodo estacionario empieza en agosto, y dura septiembre y octubre\u201d, indic\u00f3.<\/p>\n<p style=\"text-align: justify;\">Ante esa situaci\u00f3n, la AMT propone un trabajo interinstitucional enfocado en la prevenci\u00f3n.<\/p>\n<p style=\"text-align: justify;\">\u201cSabemos que no basta con los embalses, con las pol\u00edticas de asistencialismo que a veces tenemos. Hay sequ\u00eda y queremos paliar con algunas cosas, como urea, tinacos, mangueras y otras cosas. (\u2026) pero tenemos otra opci\u00f3n, que es ser conscientes en c\u00f3mo manejamos los suelos de manera tradicional y c\u00f3mo podemos cambiar esas tradiciones\u201d, explic\u00f3 Ruiz a Plus TLT.<\/p>\n<p style=\"text-align: justify;\">Para el director ejecutivo de la AMT existe un problema de prevenci\u00f3n, de falta de estudios y de atenci\u00f3n a otros temas que est\u00e1n relacionados con la sequ\u00eda. Para ello, considera importante el rol que jueguen las universidades.<\/p>\n<p style=\"text-align: justify;\">\u201cEsto es un problema social, general, todos debemos aportar a una soluci\u00f3n, y no depender a que si el gobierno tiene o no una pol\u00edtica de atenci\u00f3n. Lo que proponemos es un llamamiento a profesionales de la universidad para discutir la sequ\u00eda desde otro punto de vista\u201d, indic\u00f3, a tiempo de advertir que la falta de agua, a futuro, puede acarrear otros problemas, como la falta de generaci\u00f3n de electricidad y de alimentos, lo que puede desatar una serie de conflictos sociales.<\/p>\n<p style=\"text-align: justify;\">\u201cHay que darle otra soluci\u00f3n a esto, y no esperar a que llegue (la sequ\u00eda). La soluci\u00f3n la podr\u00edamos tenemos nosotros\u201d, recalc\u00f3.<\/p>\n","protected":false},"excerpt":{"rendered":"<p>Se acerca la \u00e9poca de sequ\u00eda en todo el pa\u00eds, y desde la Asociaci\u00f3n de Municipio de Tarija (AMT) sugieren enfocarse en la prevenci\u00f3n. Gustavo Ruiz, director ejecutivo de esa organizaci\u00f3n, dijo que existe preocupaci\u00f3n por la falta de agua para riego e incluso para consumo. Ruiz record\u00f3 que el 2022 se registr\u00f3 una persistente [&hellip;]<\/p>\n","protected":false},"author":4,"featured_media":56586,"comment_status":"open","ping_status":"closed","sticky":false,"template":"","format":"standard","meta":{"footnotes":""},"categories":[20],"tags":[],"class_list":{"0":"post-56585","1":"post","2":"type-post","3":"status-publish","4":"format-standard","5":"has-post-thumbnail","7":"category-actualidad"},"_links":{"self":[{"href":"https:\/\/jms.com.bo\/mediamonitor\/wp-json\/wp\/v2\/posts\/56585","targetHints":{"allow":["GET"]}}],"collection":[{"href":"https:\/\/jms.com.bo\/mediamonitor\/wp-json\/wp\/v2\/posts"}],"about":[{"href":"https:\/\/jms.com.bo\/mediamonitor\/wp-json\/wp\/v2\/types\/post"}],"author":[{"embeddable":true,"href":"https:\/\/jms.com.bo\/mediamonitor\/wp-json\/wp\/v2\/users\/4"}],"replies":[{"embeddable":true,"href":"https:\/\/jms.com.bo\/mediamonitor\/wp-json\/wp\/v2\/comments?post=56585"}],"version-history":[{"count":0,"href":"https:\/\/jms.com.bo\/mediamonitor\/wp-json\/wp\/v2\/posts\/56585\/revisions"}],"wp:featuredmedia":[{"embeddable":true,"href":"https:\/\/jms.com.bo\/mediamonitor\/wp-json\/wp\/v2\/media\/56586"}],"wp:attachment":[{"href":"https:\/\/jms.com.bo\/mediamonitor\/wp-json\/wp\/v2\/media?parent=56585"}],"wp:term":[{"taxonomy":"category","embeddable":true,"href":"https:\/\/jms.com.bo\/mediamonitor\/wp-json\/wp\/v2\/categories?post=56585"},{"taxonomy":"post_tag","embeddable":true,"href":"https:\/\/jms.com.bo\/mediamonitor\/wp-json\/wp\/v2\/tags?post=56585"}],"curies":[{"name":"wp","href":"https:\/\/api.w.org\/{rel}","templated":true}]}}