{"id":56587,"date":"2023-08-18T06:26:06","date_gmt":"2023-08-18T10:26:06","guid":{"rendered":"https:\/\/jms.com.bo\/mediamonitor\/2023\/08\/18\/camara-automotor-de-santa-cruz-indica-que-por-ano-ingresan-al-pais-60-000-vehiculos-de-contrabando\/"},"modified":"2023-08-18T06:26:06","modified_gmt":"2023-08-18T10:26:06","slug":"camara-automotor-de-santa-cruz-indica-que-por-ano-ingresan-al-pais-60-000-vehiculos-de-contrabando","status":"publish","type":"post","link":"https:\/\/jms.com.bo\/mediamonitor\/2023\/08\/18\/camara-automotor-de-santa-cruz-indica-que-por-ano-ingresan-al-pais-60-000-vehiculos-de-contrabando\/","title":{"rendered":"C\u00e1mara Automotor de Santa Cruz indica que por a\u00f1o ingresan al pa\u00eds 60.000 veh\u00edculos de contrabando"},"content":{"rendered":"<p style=\"text-align: justify;\">La C\u00e1mara Automotor en Santa Cruz denunci\u00f3 este jueves que al a\u00f1o ingresan al pa\u00eds unos 60.000 veh\u00edculos de contrabando y muchos de ellos son \u201csubastados\u201d en redes sociales. Exigen a las autoridades intensificar los controles sobre todo en \u00e1reas des\u00e9rticas entre Chile y Bolivia.<\/p>\n<p style=\"text-align: justify;\">Luis Encinas, gerente de la C\u00e1mara Automotor, dijo que es una realidad de nunca acabar, pese a las constantes denuncias que realiza el sector. Revel\u00f3, que seg\u00fan las cifras que manejan, unos 700.000 coches chutos circulan en las provincias de Bolivia.<\/p>\n<p style=\"text-align: justify;\">\u201cA\u00f1o tras a\u00f1os y nosotros hemos hecho mil oportunidades de denuncias, hemos hecho seguimiento. Hay alrededor de 700 mil veh\u00edculos circulando chutos en las provincias de Bolivia. El dato que nosotros tenemos, a\u00f1o tras a\u00f1o hemos ido siguiendo, es de que alrededor de 60.000 veh\u00edculos por a\u00f1o entran de contrabando y esto es un fragante atentado a la econom\u00eda del pa\u00eds\u201d, dijo en Unitel.<\/p>\n<p style=\"text-align: justify;\">El gerente lament\u00f3 que los controles que realizan las autoridades sean insuficientes, por lo que exhort\u00f3 a que se intensifiquen sobre todo en las \u00e1reas des\u00e9rticas que van desde la zona Franca de Chile hasta Patacamaya en Bolivia.<\/p>\n<p style=\"text-align: justify;\">Veh\u00edculos \u00absubastados\u00bb<\/p>\n<p style=\"text-align: justify;\">Adem\u00e1s, dijo, estos veh\u00edculos terminan siendo \u201csubastados\u201d en redes sociales o en ferias populares.<\/p>\n<p style=\"text-align: justify;\">\u201c(\u2026) en la zona franca de Iquique venden, en Tarapac\u00e1 y Parinacota, es una zona des\u00e9rtica, donde el que compra se sube al auto y directamente lo lleva por el desierto hasta Patacamaya. Ah\u00ed hay mercados p\u00fablicos, subastas que hacen de veh\u00edculos; p\u00fablicamente, usted entra al Facebook y va a ver el anuncio de la feria de Patacamaya, que los veh\u00edculos nuevos que est\u00e1n entrando, reci\u00e9n llegaditos; los ofrecen con marca\u201d.<\/p>\n<p style=\"text-align: justify;\">Critic\u00f3 que el reporte de veh\u00edculos robados en Chile que llegan a Bolivia haya subido considerablemente. Considera que se debe a que los controles son escasos.<\/p>\n<p style=\"text-align: justify;\">El mes pasado, Chile y Bolivia acordaron trabajar en conjunto para frenar el ingreso a Bolivia de veh\u00edculos robados en Chile. Este jueves, la Direcci\u00f3n de Prevenci\u00f3n e Investigaci\u00f3n de Robo de Veh\u00edculos (Diprove) hall\u00f3 otros ocho autos robados en ese pa\u00eds que estaban en la ciudad de Santa Cruz.<\/p>\n<p style=\"text-align: justify;\">Para este operativo, el diputado chileno, Sebasti\u00e1n Videla, arrib\u00f3 una vez m\u00e1s al pa\u00eds y afirm\u00f3 que a trav\u00e9s de un trabajo coordinado con la Polic\u00eda, estos motorizados de gama media ser\u00e1n puestos en frontera para su posterior devoluci\u00f3n.<\/p>\n","protected":false},"excerpt":{"rendered":"<p>La C\u00e1mara Automotor en Santa Cruz denunci\u00f3 este jueves que al a\u00f1o ingresan al pa\u00eds unos 60.000 veh\u00edculos de contrabando y muchos de ellos son \u201csubastados\u201d en redes sociales. Exigen a las autoridades intensificar los controles sobre todo en \u00e1reas des\u00e9rticas entre Chile y Bolivia. Luis Encinas, gerente de la C\u00e1mara Automotor, dijo que es [&hellip;]<\/p>\n","protected":false},"author":4,"featured_media":56588,"comment_status":"open","ping_status":"closed","sticky":false,"template":"","format":"standard","meta":{"footnotes":""},"categories":[20,47,48],"tags":[],"class_list":{"0":"post-56587","1":"post","2":"type-post","3":"status-publish","4":"format-standard","5":"has-post-thumbnail","7":"category-actualidad","8":"category-portada-actualidad","9":"category-portada-general-sitio"},"_links":{"self":[{"href":"https:\/\/jms.com.bo\/mediamonitor\/wp-json\/wp\/v2\/posts\/56587","targetHints":{"allow":["GET"]}}],"collection":[{"href":"https:\/\/jms.com.bo\/mediamonitor\/wp-json\/wp\/v2\/posts"}],"about":[{"href":"https:\/\/jms.com.bo\/mediamonitor\/wp-json\/wp\/v2\/types\/post"}],"author":[{"embeddable":true,"href":"https:\/\/jms.com.bo\/mediamonitor\/wp-json\/wp\/v2\/users\/4"}],"replies":[{"embeddable":true,"href":"https:\/\/jms.com.bo\/mediamonitor\/wp-json\/wp\/v2\/comments?post=56587"}],"version-history":[{"count":0,"href":"https:\/\/jms.com.bo\/mediamonitor\/wp-json\/wp\/v2\/posts\/56587\/revisions"}],"wp:featuredmedia":[{"embeddable":true,"href":"https:\/\/jms.com.bo\/mediamonitor\/wp-json\/wp\/v2\/media\/56588"}],"wp:attachment":[{"href":"https:\/\/jms.com.bo\/mediamonitor\/wp-json\/wp\/v2\/media?parent=56587"}],"wp:term":[{"taxonomy":"category","embeddable":true,"href":"https:\/\/jms.com.bo\/mediamonitor\/wp-json\/wp\/v2\/categories?post=56587"},{"taxonomy":"post_tag","embeddable":true,"href":"https:\/\/jms.com.bo\/mediamonitor\/wp-json\/wp\/v2\/tags?post=56587"}],"curies":[{"name":"wp","href":"https:\/\/api.w.org\/{rel}","templated":true}]}}