{"id":56589,"date":"2023-08-18T06:27:28","date_gmt":"2023-08-18T10:27:28","guid":{"rendered":"https:\/\/jms.com.bo\/mediamonitor\/2023\/08\/18\/gobierno-asegura-que-salud-de-gobernador-cruceno-es-estable\/"},"modified":"2023-08-18T06:27:28","modified_gmt":"2023-08-18T10:27:28","slug":"gobierno-asegura-que-salud-de-gobernador-cruceno-es-estable","status":"publish","type":"post","link":"https:\/\/jms.com.bo\/mediamonitor\/2023\/08\/18\/gobierno-asegura-que-salud-de-gobernador-cruceno-es-estable\/","title":{"rendered":"Gobierno asegura que salud de gobernador cruce\u00f1o es estable"},"content":{"rendered":"<p style=\"text-align: justify;\">Mediante un comunicado, la Direcci\u00f3n General de R\u00e9gimen Penitenciario inform\u00f3 ayer se realiz\u00f3 una junta m\u00e9dica de revisi\u00f3n del estado de salud del gobernador de Santa Cruz, Luis Fernando Camacho, recluido en el penal de Chonchocoro, la misma que concluy\u00f3 que se encuentra estable, requiri\u00e9ndose mayores estudios m\u00e9dicos y ajustes en su tratamiento inicial.<\/p>\n<p style=\"text-align: justify;\">\u201cAsistieron en total 29 profesionales de salud, m\u00e9dicos especialistas de convenio con R\u00e9gimen Penitenciario, los acreditados por R\u00e9gimen Penitenciario, los del Instituto de Investigaciones Forenses-IDIF, en las especialidades de terapia intensiva, cardiolog\u00eda, neumolog\u00eda, reumatolog\u00eda, medicina legal o forense, proctolog\u00eda, fisioterapia, inmunolog\u00eda, psicolog\u00eda, laboratorio, incluyendo los directores de los Hospitales de Cl\u00ednicas y del Sur, as\u00ed como la Defensor\u00eda del Pueblo\u201d, precisa el comunicado.<\/p>\n<p style=\"text-align: justify;\">Por otro lado, la senadora Centa Rek denunci\u00f3 que el Gobierno introdujo a la c\u00e1rcel de Chonchocoro un grupo m\u00e9dico paralelo de m\u00e1s de 20 personas \u201cseguramente para que elaboren un informe contrario para esconder el verdadero estado de salud del gobernador\u201d.<\/p>\n<p style=\"text-align: justify;\">Rek record\u00f3 que hace unos d\u00edas el gobierno conform\u00f3 una junta m\u00e9dica que pretend\u00eda evaluar a Camacho sin su autorizaci\u00f3n y sin notificar a la familia y abogados; situaci\u00f3n que fue rechazada por la autoridad electa, por lo que sus patrocinadores lograron que se conforme un nuevo equipo m\u00e9dico independiente a trav\u00e9s de una orden judicial.<\/p>\n<p style=\"text-align: justify;\">\u201cEs grav\u00edsimo lo que est\u00e1 pasando, cabe recordar lo que yo denunci\u00e9 en d\u00edas anteriores, la CIDH (Comisi\u00f3n Interamericana de Derechos Humanos) dijo que el gobierno de Bolivia, adelant\u00e1ndose a los hechos, le estaba prestando asistencia m\u00e9dica especializada a Luis Fernando Camacho, no se hizo lo que correspond\u00eda y definitivamente quer\u00edan llevar m\u00e9dicos desconocidos, que no sabemos cu\u00e1les son sus intenciones; ahora se logr\u00f3 a trav\u00e9s del Colegio M\u00e9dico, una orden del colegio m\u00e9dico de Santa Cruz una orden para nombrar profesionales calificados para hacer una evaluaci\u00f3n del estado de salud del gobernador\u201d, dijo.<\/p>\n<p style=\"text-align: justify;\">La senadora explic\u00f3 adem\u00e1s que la junta m\u00e9dica de ayer deber\u00e1 presentar un informe sobre la salud de la autoridad en no m\u00e1s de 10 d\u00edas; sin embargo, otro grupo de unos veinte galenos, a la cabeza del director de R\u00e9gimen Penitenciario, tambi\u00e9n ingres\u00f3 a Chonchocoro, sin que se conozca el motivo de su presencia en la c\u00e1rcel.<\/p>\n<p style=\"text-align: justify;\">\u201cCon esta comitiva de m\u00e9dicos, este grupo de m\u00e9dicos fueron hasta Chonchocoro, han habido una serie de tergiversaciones, decir que no les hab\u00eda llegado la notificaci\u00f3n, desde ayer est\u00e1n en esas andanzas; y hoy d\u00eda ya ten\u00edan un paralelo, como hace el MAS, con m\u00e1s de 20 m\u00e9dicos estatales, que no sabemos qui\u00e9nes son, que intentan hacer un informe paralelo, tratando l\u00f3gicamente de esconder el verdadero estado de salud del gobernador. Lo que quiere el gobierno es imponer su diagn\u00f3stico m\u00e9dico, que l\u00f3gicamente es mentiroso y que como en el caso de otros presos pol\u00edticos como Aramayo, cuando est\u00e9 ya a punto de morir reci\u00e9n lo llevan a una cl\u00ednica\u201d, concluy\u00f3 Rek.<\/p>\n","protected":false},"excerpt":{"rendered":"<p>Mediante un comunicado, la Direcci\u00f3n General de R\u00e9gimen Penitenciario inform\u00f3 ayer se realiz\u00f3 una junta m\u00e9dica de revisi\u00f3n del estado de salud del gobernador de Santa Cruz, Luis Fernando Camacho, recluido en el penal de Chonchocoro, la misma que concluy\u00f3 que se encuentra estable, requiri\u00e9ndose mayores estudios m\u00e9dicos y ajustes en su tratamiento inicial. \u201cAsistieron [&hellip;]<\/p>\n","protected":false},"author":4,"featured_media":56590,"comment_status":"open","ping_status":"closed","sticky":false,"template":"","format":"standard","meta":{"footnotes":""},"categories":[18],"tags":[],"class_list":{"0":"post-56589","1":"post","2":"type-post","3":"status-publish","4":"format-standard","5":"has-post-thumbnail","7":"category-politica"},"_links":{"self":[{"href":"https:\/\/jms.com.bo\/mediamonitor\/wp-json\/wp\/v2\/posts\/56589","targetHints":{"allow":["GET"]}}],"collection":[{"href":"https:\/\/jms.com.bo\/mediamonitor\/wp-json\/wp\/v2\/posts"}],"about":[{"href":"https:\/\/jms.com.bo\/mediamonitor\/wp-json\/wp\/v2\/types\/post"}],"author":[{"embeddable":true,"href":"https:\/\/jms.com.bo\/mediamonitor\/wp-json\/wp\/v2\/users\/4"}],"replies":[{"embeddable":true,"href":"https:\/\/jms.com.bo\/mediamonitor\/wp-json\/wp\/v2\/comments?post=56589"}],"version-history":[{"count":0,"href":"https:\/\/jms.com.bo\/mediamonitor\/wp-json\/wp\/v2\/posts\/56589\/revisions"}],"wp:featuredmedia":[{"embeddable":true,"href":"https:\/\/jms.com.bo\/mediamonitor\/wp-json\/wp\/v2\/media\/56590"}],"wp:attachment":[{"href":"https:\/\/jms.com.bo\/mediamonitor\/wp-json\/wp\/v2\/media?parent=56589"}],"wp:term":[{"taxonomy":"category","embeddable":true,"href":"https:\/\/jms.com.bo\/mediamonitor\/wp-json\/wp\/v2\/categories?post=56589"},{"taxonomy":"post_tag","embeddable":true,"href":"https:\/\/jms.com.bo\/mediamonitor\/wp-json\/wp\/v2\/tags?post=56589"}],"curies":[{"name":"wp","href":"https:\/\/api.w.org\/{rel}","templated":true}]}}