{"id":56591,"date":"2023-08-18T06:28:43","date_gmt":"2023-08-18T10:28:43","guid":{"rendered":"https:\/\/jms.com.bo\/mediamonitor\/2023\/08\/18\/ministro-lima-apunta-a-una-estructura-criminal-en-el-caso-ambulancias\/"},"modified":"2023-08-18T06:28:43","modified_gmt":"2023-08-18T10:28:43","slug":"ministro-lima-apunta-a-una-estructura-criminal-en-el-caso-ambulancias","status":"publish","type":"post","link":"https:\/\/jms.com.bo\/mediamonitor\/2023\/08\/18\/ministro-lima-apunta-a-una-estructura-criminal-en-el-caso-ambulancias\/","title":{"rendered":"Ministro Lima apunta a una \u2018estructura criminal\u2019 en el caso Ambulancias"},"content":{"rendered":"<p style=\"text-align: justify;\">El ministro de Justicia, Iv\u00e1n Lima, se\u00f1al\u00f3 este jueves que en el caso Ambulancias existe por detr\u00e1s una \u201cestructura criminal\u201d con la que se involucr\u00f3 el gobernador de Potos\u00ed, Jhonny Mamani, a la cabeza de un ciudadano paquistan\u00ed que ha introducido veh\u00edculos de manera irregular desde Chile.<\/p>\n<p style=\"text-align: justify;\">\u201cHay una estructura criminal que ha traficado con veh\u00edculos, las 41 ambulancias son una parte de m\u00e1s de 87 veh\u00edculos que una persona de menos de 25 a\u00f1os, con un capital m\u00ednimo ha terminado de traficar en el pa\u00eds. Hay una organizaci\u00f3n en Chile, Iquique, a la cabeza de un paquistan\u00ed que ha introducido veh\u00edculos de una manera irregular\u201d, dijo Lima.<\/p>\n<p style=\"text-align: justify;\">El ministro se\u00f1al\u00f3 que los acuerdos se dieron entre el gobernador de Potos\u00ed y un ciudadano paquistan\u00ed, y que por ese motivo se est\u00e1 investigando esta estructura en el proceso por legitimaci\u00f3n de ganancias il\u00edcitas, derivado del caso principal.<\/p>\n<p style=\"text-align: justify;\">Por este caso, el juzgado Tercero de Instrucci\u00f3n Anticorrupci\u00f3n y Violencia contra la Mujer de La Paz determin\u00f3 la detenci\u00f3n preventiva de Mamani, quien deber\u00e1 permanecer en la c\u00e1rcel de San Pedro de La Paz por seis meses.<\/p>\n<p style=\"text-align: justify;\">Entre los fundamentos para la detenci\u00f3n, la Fiscal\u00eda de La Paz argument\u00f3 que, al ser la m\u00e1xima autoridad ejecutiva del Gobierno Aut\u00f3nomo Departamental de Potos\u00ed, Mamani puede ordenar que se destruya, modifique, oculta, suprima o falsifique elementos de prueba en el proceso investigativo, as\u00ed como suprimir o destruir documentaci\u00f3n relacionada a los procesos de contrataci\u00f3n con la empresa Estefan Logistics.<\/p>\n<p style=\"text-align: justify;\">La autoridad departamental y los otros sindicados en este caso se acogieron al silencio y no prestaron su declaraci\u00f3n informativa. Adem\u00e1s, deben presentar su declaraci\u00f3n los testigos a los cuales Mamani conoce y que est\u00e1n relacionados con este hecho investigativo.<\/p>\n","protected":false},"excerpt":{"rendered":"<p>El ministro de Justicia, Iv\u00e1n Lima, se\u00f1al\u00f3 este jueves que en el caso Ambulancias existe por detr\u00e1s una \u201cestructura criminal\u201d con la que se involucr\u00f3 el gobernador de Potos\u00ed, Jhonny Mamani, a la cabeza de un ciudadano paquistan\u00ed que ha introducido veh\u00edculos de manera irregular desde Chile. \u201cHay una estructura criminal que ha traficado con [&hellip;]<\/p>\n","protected":false},"author":4,"featured_media":56592,"comment_status":"open","ping_status":"closed","sticky":false,"template":"","format":"standard","meta":{"footnotes":""},"categories":[18],"tags":[],"class_list":{"0":"post-56591","1":"post","2":"type-post","3":"status-publish","4":"format-standard","5":"has-post-thumbnail","7":"category-politica"},"_links":{"self":[{"href":"https:\/\/jms.com.bo\/mediamonitor\/wp-json\/wp\/v2\/posts\/56591","targetHints":{"allow":["GET"]}}],"collection":[{"href":"https:\/\/jms.com.bo\/mediamonitor\/wp-json\/wp\/v2\/posts"}],"about":[{"href":"https:\/\/jms.com.bo\/mediamonitor\/wp-json\/wp\/v2\/types\/post"}],"author":[{"embeddable":true,"href":"https:\/\/jms.com.bo\/mediamonitor\/wp-json\/wp\/v2\/users\/4"}],"replies":[{"embeddable":true,"href":"https:\/\/jms.com.bo\/mediamonitor\/wp-json\/wp\/v2\/comments?post=56591"}],"version-history":[{"count":0,"href":"https:\/\/jms.com.bo\/mediamonitor\/wp-json\/wp\/v2\/posts\/56591\/revisions"}],"wp:featuredmedia":[{"embeddable":true,"href":"https:\/\/jms.com.bo\/mediamonitor\/wp-json\/wp\/v2\/media\/56592"}],"wp:attachment":[{"href":"https:\/\/jms.com.bo\/mediamonitor\/wp-json\/wp\/v2\/media?parent=56591"}],"wp:term":[{"taxonomy":"category","embeddable":true,"href":"https:\/\/jms.com.bo\/mediamonitor\/wp-json\/wp\/v2\/categories?post=56591"},{"taxonomy":"post_tag","embeddable":true,"href":"https:\/\/jms.com.bo\/mediamonitor\/wp-json\/wp\/v2\/tags?post=56591"}],"curies":[{"name":"wp","href":"https:\/\/api.w.org\/{rel}","templated":true}]}}