{"id":56593,"date":"2023-08-18T06:30:32","date_gmt":"2023-08-18T10:30:32","guid":{"rendered":"https:\/\/jms.com.bo\/mediamonitor\/2023\/08\/18\/senador-del-mas-da-por-fracasada-la-preseleccion-de-magistrados-y-plantea-solucion-politica\/"},"modified":"2023-08-18T06:30:32","modified_gmt":"2023-08-18T10:30:32","slug":"senador-del-mas-da-por-fracasada-la-preseleccion-de-magistrados-y-plantea-solucion-politica","status":"publish","type":"post","link":"https:\/\/jms.com.bo\/mediamonitor\/2023\/08\/18\/senador-del-mas-da-por-fracasada-la-preseleccion-de-magistrados-y-plantea-solucion-politica\/","title":{"rendered":"Senador del MAS da por fracasada la preselecci\u00f3n de magistrados y plantea \u201csoluci\u00f3n pol\u00edtica\u201d"},"content":{"rendered":"<p style=\"text-align: justify;\">A 17 d\u00edas de la sentencia constitucional 0060\/2023, los partidos no lograron articular acuerdos en la Asamblea para aprobar una ley corta que permita preseleccionar a los candidatos a magistrados del \u00d3rgano Judicial. El MAS dio por fracasado el proceso y ahora platean una soluci\u00f3n pol\u00edtica de este proceso.<\/p>\n<p style=\"text-align: justify;\">\u201cDefinitivamente creo que ya no es posible entregarle al Tribunal Supremo Electoral la lista a inicios de septiembre; por tanto, definitivamente hay que buscar otra soluci\u00f3n. Yo creo que la pr\u00f3xima semana todas las autoridades van a proponer otras soluciones m\u00e1s pol\u00edticas, seguramente se tendr\u00e1 que aprobar una ley lo m\u00e1s pr\u00f3xima a la Constituci\u00f3n (Pol\u00edtica del Estado)\u201d, dijo este jueves el senador, Luis Flores (MAS).<\/p>\n<p style=\"text-align: justify;\">Desde el 31 de julio, cuando el Tribunal Constitucional Plurinacional (TCP) hizo conocer su decisi\u00f3n y conmin\u00f3 a los partidos a aprobar una ley y reglamento por dos tercios de voto, estos rechazaron todas sus propuestas y, desde hace una semana, ya ni se re\u00fanen para seguir con las negociaciones.<\/p>\n<p style=\"text-align: justify;\">El Tribunal Supremo Electoral (TSE), que debe organizar las elecciones judiciales, puso como \u00faltimo plazo el 3 de septiembre para la entrega de las listas de candidatos a magistrados; de ese modo podr\u00eda organizar las elecciones el 3 de diciembre. El senador Flores dijo que, en estos 15 d\u00edas que restan, ya no ser\u00e1 posible realizar un proceso que habitualmente se lleva adelante en 45 d\u00edas.<\/p>\n<p style=\"text-align: justify;\">\u201cConstitucionalmente ya estamos fuera del plazo legal\u201d, sentenci\u00f3 Flores. Los opositores aprovecharon el momento para responsabilizar al oficialismo de no concertar y tratar de imponer un proyecto de ley que fue presentado por la comisi\u00f3n de Constituci\u00f3n del Senado.<\/p>\n<p style=\"text-align: justify;\">El presidente de este cuerpo legislativo, Andr\u00f3nico Rodr\u00edguez, adelant\u00f3 que ellos intentaron buscar todos los consensos, pero que fue imposible, y advirti\u00f3 que no estar\u00edan negociando todo agosto para aprobar una Ley; sin embargo, en el pleno no logr\u00f3 articular los consensos para aprobar la propuesta de la senadora Silvia Salame.<\/p>\n","protected":false},"excerpt":{"rendered":"<p>A 17 d\u00edas de la sentencia constitucional 0060\/2023, los partidos no lograron articular acuerdos en la Asamblea para aprobar una ley corta que permita preseleccionar a los candidatos a magistrados del \u00d3rgano Judicial. El MAS dio por fracasado el proceso y ahora platean una soluci\u00f3n pol\u00edtica de este proceso. \u201cDefinitivamente creo que ya no es [&hellip;]<\/p>\n","protected":false},"author":4,"featured_media":56594,"comment_status":"open","ping_status":"closed","sticky":false,"template":"","format":"standard","meta":{"footnotes":""},"categories":[18,48,46],"tags":[],"class_list":{"0":"post-56593","1":"post","2":"type-post","3":"status-publish","4":"format-standard","5":"has-post-thumbnail","7":"category-politica","8":"category-portada-general-sitio","9":"category-portada-politica"},"_links":{"self":[{"href":"https:\/\/jms.com.bo\/mediamonitor\/wp-json\/wp\/v2\/posts\/56593","targetHints":{"allow":["GET"]}}],"collection":[{"href":"https:\/\/jms.com.bo\/mediamonitor\/wp-json\/wp\/v2\/posts"}],"about":[{"href":"https:\/\/jms.com.bo\/mediamonitor\/wp-json\/wp\/v2\/types\/post"}],"author":[{"embeddable":true,"href":"https:\/\/jms.com.bo\/mediamonitor\/wp-json\/wp\/v2\/users\/4"}],"replies":[{"embeddable":true,"href":"https:\/\/jms.com.bo\/mediamonitor\/wp-json\/wp\/v2\/comments?post=56593"}],"version-history":[{"count":0,"href":"https:\/\/jms.com.bo\/mediamonitor\/wp-json\/wp\/v2\/posts\/56593\/revisions"}],"wp:featuredmedia":[{"embeddable":true,"href":"https:\/\/jms.com.bo\/mediamonitor\/wp-json\/wp\/v2\/media\/56594"}],"wp:attachment":[{"href":"https:\/\/jms.com.bo\/mediamonitor\/wp-json\/wp\/v2\/media?parent=56593"}],"wp:term":[{"taxonomy":"category","embeddable":true,"href":"https:\/\/jms.com.bo\/mediamonitor\/wp-json\/wp\/v2\/categories?post=56593"},{"taxonomy":"post_tag","embeddable":true,"href":"https:\/\/jms.com.bo\/mediamonitor\/wp-json\/wp\/v2\/tags?post=56593"}],"curies":[{"name":"wp","href":"https:\/\/api.w.org\/{rel}","templated":true}]}}