{"id":56597,"date":"2023-08-18T06:33:25","date_gmt":"2023-08-18T10:33:25","guid":{"rendered":"https:\/\/jms.com.bo\/mediamonitor\/2023\/08\/18\/el-comercio-se-estanco-en-ciudades-fronterizas-de-bolivia-por-devaluacion-del-peso-argentino\/"},"modified":"2023-08-18T06:33:25","modified_gmt":"2023-08-18T10:33:25","slug":"el-comercio-se-estanco-en-ciudades-fronterizas-de-bolivia-por-devaluacion-del-peso-argentino","status":"publish","type":"post","link":"https:\/\/jms.com.bo\/mediamonitor\/2023\/08\/18\/el-comercio-se-estanco-en-ciudades-fronterizas-de-bolivia-por-devaluacion-del-peso-argentino\/","title":{"rendered":"El comercio se estanc\u00f3 en ciudades fronterizas de Bolivia por devaluaci\u00f3n del peso argentino"},"content":{"rendered":"<p style=\"text-align: justify;\">El flujo comercial se paraliz\u00f3 en las ciudades fronterizas de Yacuiba y Bermejo, en el l\u00edmite con Argentina, a ra\u00edz de la devaluaci\u00f3n del peso argentino y la subida del d\u00f3lar.<\/p>\n<p style=\"text-align: justify;\">Los comerciantes del lado boliviano se quejan de la disminuci\u00f3n de las ventas desde hace cuatro d\u00edas.<\/p>\n<p style=\"text-align: justify;\">Mientras en territorio argentino los comerciantes mayoristas cerraron sus almacenes debido a la devaluaci\u00f3n del peso en un 18,3% tras las elecciones de las Primarias, Abiertas, Simult\u00e1neas y Obligatorias (PASO).<\/p>\n<p style=\"text-align: justify;\">Actualmente, el tipo de cambio es de 100 pesos argentinos por Bs 9.50 y antes de las elecciones primarias se cotizaba a Bs 11 y 12, pero la tendencia es que contin\u00fae en descenso.<\/p>\n<p style=\"text-align: justify;\">El contrabando de mercader\u00eda tambi\u00e9n se detuvo temporalmente por la crisis financiera en Argentina despu\u00e9s del sorpresivo triunfo de Javier Milei.<\/p>\n<p style=\"text-align: justify;\">\u00abLos productores y mayoristas no est\u00e1n vendiendo a los comerciantes de Salvador Mazza desde el lunes\u00bb, afirm\u00f3 Ra\u00fal Costes, del medio digital Infopocitos.<\/p>\n<p style=\"text-align: justify;\">Se estima que las ventas en esa localidad argentina, colindante con Yacuiba, se redujeron en un 60% en los \u00faltimos cuatro d\u00edas.<\/p>\n<p style=\"text-align: justify;\">Similar panorama se vive en el l\u00edmite entre Bermejo y Aguas Blancas que es otro paso fronterizo de Tarija con el pa\u00eds vecino y donde el comercio es la principal actividad econ\u00f3mica.<\/p>\n<p style=\"text-align: justify;\">\u00abDa pena el panorama comercial, hay muy poca gente de Argentina. No se vende como en la anterior semana, todos los comerciantes nos preguntamos qu\u00e9 vamos hacer?. Nosotros vivimos del comercio y de los hermanos argentinos que nos hacen gastos\u00bb, expres\u00f3 In\u00e9s Almendra, una comerciante de ropa en Bermejo.<\/p>\n<p style=\"text-align: justify;\">El secretario de Relaciones de la Federaci\u00f3n de Trabajadores Gremiales de Bermejo, Reyner Bejarano, admiti\u00f3 que no hay un gran movimiento econ\u00f3mico y de ventas, en comparaci\u00f3n a la pasada semana.<\/p>\n<p style=\"text-align: justify;\">A su criterio, predomina una incertidumbre sobre el futuro de este sector debido a que no existe una afluencia de argentinos a causa de la devaluaci\u00f3n del peso y el incremento de la divisa estadounidense.<\/p>\n<p style=\"text-align: justify;\">Agreg\u00f3 que el 80% de la poblaci\u00f3n de Bermejo se ve afectada debido a que est\u00e1n vinculadas a la actividad comercial.<\/p>\n<p style=\"text-align: justify;\">Leonor Apaza, socia de la Cooperativa de Transporte \u00abEduardo Abaroa\u00bb en el puerto de Las Chalanas, revel\u00f3 que el flujo de pasajeros de uno y otro lado se redujo en m\u00e1s del 50%.<\/p>\n<p style=\"text-align: justify;\">En la lado de Aguas Blancas se estanc\u00f3 la actividad comercial por el cierre de los almacenes y otras tiendas que venden al por mayor productos comestibles y otros.<\/p>\n<p style=\"text-align: justify;\">\n","protected":false},"excerpt":{"rendered":"<p>El flujo comercial se paraliz\u00f3 en las ciudades fronterizas de Yacuiba y Bermejo, en el l\u00edmite con Argentina, a ra\u00edz de la devaluaci\u00f3n del peso argentino y la subida del d\u00f3lar. Los comerciantes del lado boliviano se quejan de la disminuci\u00f3n de las ventas desde hace cuatro d\u00edas. Mientras en territorio argentino los comerciantes mayoristas [&hellip;]<\/p>\n","protected":false},"author":4,"featured_media":56598,"comment_status":"open","ping_status":"closed","sticky":false,"template":"","format":"standard","meta":{"footnotes":""},"categories":[25],"tags":[],"class_list":{"0":"post-56597","1":"post","2":"type-post","3":"status-publish","4":"format-standard","5":"has-post-thumbnail","7":"category-economia"},"_links":{"self":[{"href":"https:\/\/jms.com.bo\/mediamonitor\/wp-json\/wp\/v2\/posts\/56597","targetHints":{"allow":["GET"]}}],"collection":[{"href":"https:\/\/jms.com.bo\/mediamonitor\/wp-json\/wp\/v2\/posts"}],"about":[{"href":"https:\/\/jms.com.bo\/mediamonitor\/wp-json\/wp\/v2\/types\/post"}],"author":[{"embeddable":true,"href":"https:\/\/jms.com.bo\/mediamonitor\/wp-json\/wp\/v2\/users\/4"}],"replies":[{"embeddable":true,"href":"https:\/\/jms.com.bo\/mediamonitor\/wp-json\/wp\/v2\/comments?post=56597"}],"version-history":[{"count":0,"href":"https:\/\/jms.com.bo\/mediamonitor\/wp-json\/wp\/v2\/posts\/56597\/revisions"}],"wp:featuredmedia":[{"embeddable":true,"href":"https:\/\/jms.com.bo\/mediamonitor\/wp-json\/wp\/v2\/media\/56598"}],"wp:attachment":[{"href":"https:\/\/jms.com.bo\/mediamonitor\/wp-json\/wp\/v2\/media?parent=56597"}],"wp:term":[{"taxonomy":"category","embeddable":true,"href":"https:\/\/jms.com.bo\/mediamonitor\/wp-json\/wp\/v2\/categories?post=56597"},{"taxonomy":"post_tag","embeddable":true,"href":"https:\/\/jms.com.bo\/mediamonitor\/wp-json\/wp\/v2\/tags?post=56597"}],"curies":[{"name":"wp","href":"https:\/\/api.w.org\/{rel}","templated":true}]}}