{"id":56599,"date":"2023-08-18T06:34:39","date_gmt":"2023-08-18T10:34:39","guid":{"rendered":"https:\/\/jms.com.bo\/mediamonitor\/2023\/08\/18\/caen-las-exportaciones-en-18-y-el-crecimiento-del-primer-trimestre-fue-solo-del-28-del-pib\/"},"modified":"2023-08-18T06:34:39","modified_gmt":"2023-08-18T10:34:39","slug":"caen-las-exportaciones-en-18-y-el-crecimiento-del-primer-trimestre-fue-solo-del-28-del-pib","status":"publish","type":"post","link":"https:\/\/jms.com.bo\/mediamonitor\/2023\/08\/18\/caen-las-exportaciones-en-18-y-el-crecimiento-del-primer-trimestre-fue-solo-del-28-del-pib\/","title":{"rendered":"Caen las exportaciones en 18% y el crecimiento del primer trimestre fue solo del 2,8% del PIB"},"content":{"rendered":"<p style=\"text-align: justify;\">Las exportaciones bolivianas cayeron en 18,19% en el primer trimestre del a\u00f1o y el crecimiento del PIB fue de solo 2,8%, el m\u00e1s bajo en una d\u00e9cada excepto por los a\u00f1os de crisis 2019-2021, inform\u00f3 este jueves el Instituto Nacional de Estad\u00edstica.<\/p>\n<p style=\"text-align: justify;\">Los sectores que crecieron menos que el promedio fueron la industria manufacturera (1,95%), la industria de alimentos (2,26%), el comercio, que solo creci\u00f3 1,92%, y la agropecuaria, 1,56%. Los minerales decrecieron en 0,63% y el sector del gas y petr\u00f3leo cay\u00f3 en 2,54%<\/p>\n<p style=\"text-align: justify;\">De enero a marzo de 2023, las actividades econ\u00f3micas que mayor efecto tuvieron sobre el crecimiento fueron \u201cotros servicios\u201d (servicios comunales, sociales y personales, y restaurantes y hoteles), que aument\u00f3 en 5,21%; transporte y almacenamiento (4,14%); y electricidad (3,87%).<\/p>\n<p style=\"text-align: justify;\">La construcci\u00f3n se recuper\u00f3, pero sigue estando en niveles muy bajos comparados con a\u00f1os anteriores: creci\u00f3 en 3,49%. El primer trimestre de 2021, por ejemplo, ese sector creci\u00f3 en 18% y el presidente Luis Arce dijo entonces que eso se deb\u00eda a las pol\u00edticas gubernamentales.<\/p>\n<p style=\"text-align: justify;\">El INE atribuy\u00f3 el bajo crecimiento y la ca\u00edda de las exportaciones al contexto internacional: \u201cuna econom\u00eda mundial afectada por la crisis sist\u00e9mica, reflej\u00f3, en lo que va del a\u00f1o, un contexto internacional inflacionario, endurecimiento de las condiciones financieras, desaceleraci\u00f3n de las grandes potencias y la continuidad del conflicto b\u00e9lico en Ucrania\u201d.<\/p>\n<p style=\"text-align: justify;\">El economista Gonzalo Ch\u00e1vez no comparte ese criterio: \u201cEl gobierno se va a agarrar de esto. Cuando las cosas est\u00e1n mal afuera dicen, \u2018es un problema de choque externo, cayeron los precios, es la guerra, es la crisis internacional\u2019. Pero cuando el contexto externo est\u00e1 muy bueno dicen, \u2018somos nosotros los que hemos logrado estos \u00e9xitos\u2019\u201d.<\/p>\n<p style=\"text-align: justify;\">Ch\u00e1vez agreg\u00f3 que el gobierno est\u00e1 matando a la gallina de los huevos de oro: \u201cNo han invertido en lo m\u00e1s b\u00e1sico de la industria petrolera, no han invertido en exploraci\u00f3n y producci\u00f3n, por lo tanto el gas se ha achicado, hemos dejado de ser una potencia exportadora para convertirnos en un pa\u00eds que importa hidrocarburos, di\u00e9sel y gasolina\u201d, expres\u00f3.<\/p>\n","protected":false},"excerpt":{"rendered":"<p>Las exportaciones bolivianas cayeron en 18,19% en el primer trimestre del a\u00f1o y el crecimiento del PIB fue de solo 2,8%, el m\u00e1s bajo en una d\u00e9cada excepto por los a\u00f1os de crisis 2019-2021, inform\u00f3 este jueves el Instituto Nacional de Estad\u00edstica. Los sectores que crecieron menos que el promedio fueron la industria manufacturera (1,95%), [&hellip;]<\/p>\n","protected":false},"author":4,"featured_media":56600,"comment_status":"open","ping_status":"closed","sticky":false,"template":"","format":"standard","meta":{"footnotes":""},"categories":[25],"tags":[],"class_list":{"0":"post-56599","1":"post","2":"type-post","3":"status-publish","4":"format-standard","5":"has-post-thumbnail","7":"category-economia"},"_links":{"self":[{"href":"https:\/\/jms.com.bo\/mediamonitor\/wp-json\/wp\/v2\/posts\/56599","targetHints":{"allow":["GET"]}}],"collection":[{"href":"https:\/\/jms.com.bo\/mediamonitor\/wp-json\/wp\/v2\/posts"}],"about":[{"href":"https:\/\/jms.com.bo\/mediamonitor\/wp-json\/wp\/v2\/types\/post"}],"author":[{"embeddable":true,"href":"https:\/\/jms.com.bo\/mediamonitor\/wp-json\/wp\/v2\/users\/4"}],"replies":[{"embeddable":true,"href":"https:\/\/jms.com.bo\/mediamonitor\/wp-json\/wp\/v2\/comments?post=56599"}],"version-history":[{"count":0,"href":"https:\/\/jms.com.bo\/mediamonitor\/wp-json\/wp\/v2\/posts\/56599\/revisions"}],"wp:featuredmedia":[{"embeddable":true,"href":"https:\/\/jms.com.bo\/mediamonitor\/wp-json\/wp\/v2\/media\/56600"}],"wp:attachment":[{"href":"https:\/\/jms.com.bo\/mediamonitor\/wp-json\/wp\/v2\/media?parent=56599"}],"wp:term":[{"taxonomy":"category","embeddable":true,"href":"https:\/\/jms.com.bo\/mediamonitor\/wp-json\/wp\/v2\/categories?post=56599"},{"taxonomy":"post_tag","embeddable":true,"href":"https:\/\/jms.com.bo\/mediamonitor\/wp-json\/wp\/v2\/tags?post=56599"}],"curies":[{"name":"wp","href":"https:\/\/api.w.org\/{rel}","templated":true}]}}