{"id":56678,"date":"2023-08-21T06:48:14","date_gmt":"2023-08-21T10:48:14","guid":{"rendered":"https:\/\/jms.com.bo\/mediamonitor\/2023\/08\/21\/el-gobierno-envia-un-equipo-ante-la-alerta-en-el-lago-titicaca\/"},"modified":"2023-08-21T06:48:14","modified_gmt":"2023-08-21T10:48:14","slug":"el-gobierno-envia-un-equipo-ante-la-alerta-en-el-lago-titicaca","status":"publish","type":"post","link":"https:\/\/jms.com.bo\/mediamonitor\/2023\/08\/21\/el-gobierno-envia-un-equipo-ante-la-alerta-en-el-lago-titicaca\/","title":{"rendered":"El Gobierno env\u00eda un equipo ante la alerta en el lago Titicaca"},"content":{"rendered":"<p style=\"text-align: justify;\">Ante la alerta por los bajos niveles del agua en el lago Titicaca, el Gobierno determin\u00f3 el env\u00edo de una brigada hasta el lugar, el cual tendr\u00e1 la tarea de evaluar el problema alertado por comunarios y que representa un duro golpe para el medio ambiente.<\/p>\n<p style=\"text-align: justify;\">\u201cNosotros, como Ministerio de Medio Ambiente y Agua siempre hemos actuado con alt\u00edsima responsabilidad, en ese contexto, estamos desplazando equipo t\u00e9cnico para que vaya a hacer los seguimientos, las verificaciones no solo de los niveles del agua, sino tambi\u00e9n de los componentes del h\u00e1bitat y biodiversidad\u201d, explic\u00f3 el viceministro de Medio Ambiente, Mag\u00edn Herrera, a los medios.<\/p>\n<p style=\"text-align: justify;\">Comunarios fueron los primeros en alertar sobre estas preocupantes diminuciones en el nivel del agua del lago m\u00e1s alto del mundo. El efecto se sinti\u00f3 con cada vez mayor intensidad, hasta que se estim\u00f3 una reducci\u00f3n de al menos 12 cent\u00edmetros por mes.<\/p>\n<p style=\"text-align: justify;\">\u201cNo hay duda de que esta situaci\u00f3n es preocupante porque ya se nota los impactos en el medio ambiente\u201d, detall\u00f3 en La Raz\u00f3n Radio el director ejecutivo de la Autoridad Binacional del Lago Titicaca (ALT), Juan Jos\u00e9 Ocola.<\/p>\n<p style=\"text-align: justify;\">Herrera indic\u00f3 que estas reducciones se observan desde 2001, sin embargo, ahora se advierte una situaci\u00f3n m\u00e1s cr\u00edtica.<\/p>\n<p style=\"text-align: justify;\">\u201cEl descenso ha estado hist\u00f3ricamente marcado, porque sabemos que el calentamiento global es una evidencia hoy en d\u00eda, los registros nos est\u00e1n diciendo que desde el 2001 ha existido descensos paulatinos. Quiz\u00e1s este es el a\u00f1o en que un poco m\u00e1s se est\u00e1 pronunciando, debido a que el pasado a\u00f1o las precipitaciones pluviales han sido escasas, como lo sabe Bolivia y lo sabe el mundo. Para este a\u00f1o tenemos anuncios de los cient\u00edficos que se nos avecina el fen\u00f3meno de El Ni\u00f1o, por lo tanto tenemos que prepararnos\u201d, asever\u00f3 Herrera.<\/p>\n<p style=\"text-align: justify;\">El Gobierno espera que con las inspecciones que se llevar\u00e1n a cabo con el equipo se pueda determinar con mayor puntualidad cu\u00e1les son las causas de este descenso de los niveles del agua.<\/p>\n<p style=\"text-align: justify;\">\u201cEstamos ya pr\u00e1cticamente con el equipo desplazado en el lago Titicaca, ellos est\u00e1n haciendo una recolecci\u00f3n de informaci\u00f3n. Con seguridad en unos d\u00edas m\u00e1s, vale decir la siguiente semana, tendremos la informaci\u00f3n\u201d, indic\u00f3 el viceministro.<\/p>\n<p style=\"text-align: justify;\">Al margen de la afectaci\u00f3n que implica para los comunarios la baja del lago Titicaca, que el agua disminuya implica un golpe para el medio ambiente, dado que tiene un impacto directo sobre la flora y la fauna que tienen su hogar en el lago.<\/p>\n<p style=\"text-align: justify;\">Ocola detall\u00f3 que en el llamado \u201clago sagrado\u201d existen al menos 35 especies de aves, adem\u00e1s que con el bajo nivel del a\u00f1o quedan afectados totorales y la cr\u00eda, reproducci\u00f3n y h\u00e1bitat de los peces nativos. Un plan de contingencia es requerido con urgencia, Medio Ambiente espera las conclusiones del equipo para asumir acciones.<\/p>\n<p style=\"text-align: justify;\">\u201cEl equipo t\u00e9cnico est\u00e1 haciendo todos los estudios que necesitamos informar a la ciudadan\u00eda, lo vamos a hacer conocer, tanto caudales de agua, la biota y todos los otros elementos\u201d, dijo Herrera.<\/p>\n","protected":false},"excerpt":{"rendered":"<p>Ante la alerta por los bajos niveles del agua en el lago Titicaca, el Gobierno determin\u00f3 el env\u00edo de una brigada hasta el lugar, el cual tendr\u00e1 la tarea de evaluar el problema alertado por comunarios y que representa un duro golpe para el medio ambiente. \u201cNosotros, como Ministerio de Medio Ambiente y Agua siempre [&hellip;]<\/p>\n","protected":false},"author":4,"featured_media":56679,"comment_status":"open","ping_status":"closed","sticky":false,"template":"","format":"standard","meta":{"footnotes":""},"categories":[49],"tags":[],"class_list":{"0":"post-56678","1":"post","2":"type-post","3":"status-publish","4":"format-standard","5":"has-post-thumbnail","7":"category-social"},"_links":{"self":[{"href":"https:\/\/jms.com.bo\/mediamonitor\/wp-json\/wp\/v2\/posts\/56678","targetHints":{"allow":["GET"]}}],"collection":[{"href":"https:\/\/jms.com.bo\/mediamonitor\/wp-json\/wp\/v2\/posts"}],"about":[{"href":"https:\/\/jms.com.bo\/mediamonitor\/wp-json\/wp\/v2\/types\/post"}],"author":[{"embeddable":true,"href":"https:\/\/jms.com.bo\/mediamonitor\/wp-json\/wp\/v2\/users\/4"}],"replies":[{"embeddable":true,"href":"https:\/\/jms.com.bo\/mediamonitor\/wp-json\/wp\/v2\/comments?post=56678"}],"version-history":[{"count":0,"href":"https:\/\/jms.com.bo\/mediamonitor\/wp-json\/wp\/v2\/posts\/56678\/revisions"}],"wp:featuredmedia":[{"embeddable":true,"href":"https:\/\/jms.com.bo\/mediamonitor\/wp-json\/wp\/v2\/media\/56679"}],"wp:attachment":[{"href":"https:\/\/jms.com.bo\/mediamonitor\/wp-json\/wp\/v2\/media?parent=56678"}],"wp:term":[{"taxonomy":"category","embeddable":true,"href":"https:\/\/jms.com.bo\/mediamonitor\/wp-json\/wp\/v2\/categories?post=56678"},{"taxonomy":"post_tag","embeddable":true,"href":"https:\/\/jms.com.bo\/mediamonitor\/wp-json\/wp\/v2\/tags?post=56678"}],"curies":[{"name":"wp","href":"https:\/\/api.w.org\/{rel}","templated":true}]}}