{"id":5700,"date":"2021-04-26T05:49:11","date_gmt":"2021-04-26T09:49:11","guid":{"rendered":"http:\/\/jms.com.bo\/mediamonitor\/?p=5700"},"modified":"2021-04-26T05:49:11","modified_gmt":"2021-04-26T09:49:11","slug":"confirmado-el-bloqueo-en-la-ruta-a-la-chiquitania-y-la-carretera-a-beni-desde-la-medianoche","status":"publish","type":"post","link":"https:\/\/jms.com.bo\/mediamonitor\/2021\/04\/26\/confirmado-el-bloqueo-en-la-ruta-a-la-chiquitania-y-la-carretera-a-beni-desde-la-medianoche\/","title":{"rendered":"Confirmado el bloqueo en la ruta a la Chiquitania y la carretera a Beni desde la medianoche"},"content":{"rendered":"<p style=\"text-align: justify;\">La Federaci\u00f3n de Transporte de la Gran Chiquitania confirma el bloqueo anunciado desde las 0:00 de este lunes 26 de abril, de dos de las principales rutas del departamento, debido al incumplimiento de convenios firmados el 8 de diciembre de 2020 entre la federaci\u00f3n con el Gobierno, la ABC nacional y regional Santa Cruz.<\/p>\n<p style=\"text-align: justify;\">\u201cLa medida se iniciar\u00e1 en puntos estrat\u00e9gicos, no se aceptar\u00e1 conversar con ministros ni viceministros, sino directamente con el presidente\u201d, inform\u00f3 Armando Apaza, ejecutivo de la organizaci\u00f3n de transporte.<\/p>\n<p style=\"text-align: justify;\">Apaza manifest\u00f3 su molestia por la presencia del ministro de Obras P\u00fablicas, \u00c9dgar Monta\u00f1o, que este domingo sostuvo una reuni\u00f3n con dirigentes del transporte en San Juli\u00e1n, seg\u00fan su criterio, con la intenci\u00f3n de dividir al sector.<\/p>\n<p style=\"text-align: justify;\">\u201cNo hemos tenido ninguna reuni\u00f3n con autoridades, hoy en San Juli\u00e1n un diputado quiso dividirnos, pero como transportistas tenemos que mantener la unidad\u201d, a\u00f1adi\u00f3 Apaza, que advirti\u00f3 a todo transportista de cualquier municipio de la Chiquitania que se encuentre haciendo uso de servicio durante el bloqueo, que \u201ctomar\u00e1n medidas estrictas\u201d.<\/p>\n<p style=\"text-align: justify;\">Los miembros de la federaci\u00f3n se movilizar\u00e1n para cortar la ruta a la Chiquitania y Beni en el puente de Paila y en el puente Banegas en la ruta a en Montero.<\/p>\n<p style=\"text-align: justify;\">Los pedidos de los transportistas son construcci\u00f3n y rehabilitaci\u00f3n de todos los tramos de la carretera a la Chiquitania, implementaci\u00f3n de balanzas en las rutas a la Chiquitania y la carretera Bioce\u00e1nica, universalizaci\u00f3n y regularizaci\u00f3n de peajes a nivel nacional, cumplimiento de los proyectos de la doble v\u00eda Cotoca-San Ram\u00f3n y de la carretera Los Troncos-Montero.<\/p>\n","protected":false},"excerpt":{"rendered":"<p>La Federaci\u00f3n de Transporte de la Gran Chiquitania confirma el bloqueo anunciado desde las 0:00 de este lunes 26 de abril, de dos de las principales rutas del departamento, debido al incumplimiento de convenios firmados el 8 de diciembre de 2020 entre la federaci\u00f3n con el Gobierno, la ABC nacional y regional Santa Cruz. \u201cLa [&hellip;]<\/p>\n","protected":false},"author":4,"featured_media":5701,"comment_status":"open","ping_status":"open","sticky":false,"template":"","format":"standard","meta":{"footnotes":""},"categories":[49],"tags":[],"class_list":{"0":"post-5700","1":"post","2":"type-post","3":"status-publish","4":"format-standard","5":"has-post-thumbnail","7":"category-social"},"_links":{"self":[{"href":"https:\/\/jms.com.bo\/mediamonitor\/wp-json\/wp\/v2\/posts\/5700","targetHints":{"allow":["GET"]}}],"collection":[{"href":"https:\/\/jms.com.bo\/mediamonitor\/wp-json\/wp\/v2\/posts"}],"about":[{"href":"https:\/\/jms.com.bo\/mediamonitor\/wp-json\/wp\/v2\/types\/post"}],"author":[{"embeddable":true,"href":"https:\/\/jms.com.bo\/mediamonitor\/wp-json\/wp\/v2\/users\/4"}],"replies":[{"embeddable":true,"href":"https:\/\/jms.com.bo\/mediamonitor\/wp-json\/wp\/v2\/comments?post=5700"}],"version-history":[{"count":1,"href":"https:\/\/jms.com.bo\/mediamonitor\/wp-json\/wp\/v2\/posts\/5700\/revisions"}],"predecessor-version":[{"id":5702,"href":"https:\/\/jms.com.bo\/mediamonitor\/wp-json\/wp\/v2\/posts\/5700\/revisions\/5702"}],"wp:featuredmedia":[{"embeddable":true,"href":"https:\/\/jms.com.bo\/mediamonitor\/wp-json\/wp\/v2\/media\/5701"}],"wp:attachment":[{"href":"https:\/\/jms.com.bo\/mediamonitor\/wp-json\/wp\/v2\/media?parent=5700"}],"wp:term":[{"taxonomy":"category","embeddable":true,"href":"https:\/\/jms.com.bo\/mediamonitor\/wp-json\/wp\/v2\/categories?post=5700"},{"taxonomy":"post_tag","embeddable":true,"href":"https:\/\/jms.com.bo\/mediamonitor\/wp-json\/wp\/v2\/tags?post=5700"}],"curies":[{"name":"wp","href":"https:\/\/api.w.org\/{rel}","templated":true}]}}