{"id":5706,"date":"2021-04-26T05:53:11","date_gmt":"2021-04-26T09:53:11","guid":{"rendered":"http:\/\/jms.com.bo\/mediamonitor\/?p=5706"},"modified":"2021-04-26T05:53:11","modified_gmt":"2021-04-26T09:53:11","slug":"gobierno-y-comercializadores-de-carne-acuerdan-levantar-el-paro-el-martes-se-normaliza-la-venta","status":"publish","type":"post","link":"https:\/\/jms.com.bo\/mediamonitor\/2021\/04\/26\/gobierno-y-comercializadores-de-carne-acuerdan-levantar-el-paro-el-martes-se-normaliza-la-venta\/","title":{"rendered":"Gobierno y comercializadores de carne acuerdan levantar el paro; el martes se normaliza la venta"},"content":{"rendered":"<p style=\"text-align: justify;\">Gobierno y comercializadores de carne logran un acuerdo y avanzar\u00e1n en la regulaci\u00f3n de las propuestas presentadas por los vendedores. Con el acuerdo alcanzado, los sectores levantar\u00e1n las medidas de presi\u00f3n, aunque en Santa Cruz de la Sierra persiste la convocatoria para reunirse ma\u00f1ana temprano en los mataderos.<\/p>\n<p style=\"text-align: justify;\">Jorge Lima, delegado de los vendedores de carne, informar\u00e1 en la reuni\u00f3n ampliada el acuerdo asumido ante el Gobierno y pedir\u00e1 a los asociados retornar a sus puestos de venta. Sin embargo, Lima considera que el martes se podr\u00e1 normalizar la comercializaci\u00f3n puesto que el abastecimiento de friales se realiza con un d\u00eda de anticipaci\u00f3n.<\/p>\n<p style=\"text-align: justify;\">En la mesa de negociaci\u00f3n, el Gobierno estuvo representando por el Ministro de Desarrollo Rural y Tierras, Remmy Gonz\u00e1lez, y el Ministro de Desarrollo Productivo y Econom\u00eda Plural, N\u00e9stor Huanca.<\/p>\n<p style=\"text-align: justify;\">Los comercializadores de carne est\u00e1n representados por la Confederaci\u00f3n Nacional de Trabajadores de la Carne de Bolivia (Contracabol) y la Federaci\u00f3n \u00danica de Trabajadores en Carne y Ramas Anexas de El Alto. A la reuni\u00f3n tambi\u00e9n deb\u00edan acudir representantes de otras ciudades, pero la dificultad para arribar al aeropuerto alte\u00f1o impidi\u00f3 la llegada de m\u00e1s delegados.<\/p>\n<p style=\"text-align: justify;\">En Santa Cruz, Lima, que representa a los 84 mercados de ciudad, lament\u00f3 la dificultad de viajar a El Alto, pero asegur\u00f3 que sostienen un contacto permanente con la mesa de di\u00e1logo instalada.<\/p>\n<p style=\"text-align: justify;\">Como medida de acercamiento entre las posturas entre el Gobierno y el sector, se han levantado los bloqueos carreteros que hab\u00edan instalado en las v\u00edas troncales en las rutas a Cotoca, Montero y la Antigua v\u00eda a La Guardia. De todos modos, las acciones de presi\u00f3n persisten con el anuncio de bloqueo a los mataderos para el d\u00eda de ma\u00f1ana.<\/p>\n<p style=\"text-align: justify;\">Lima reitera el pedido del sector que se centra en tres medidas inmediatas. Por un lado, exigen la \u00ababrogaci\u00f3n de la ley que permite exportar carne al exterior\u00bb.<\/p>\n<p style=\"text-align: justify;\">Tambi\u00e9n reclaman una \u00abfigura clara con penalizaciones duras a las personas que se dedican a trasportar ganado a frontera para que pasen a pa\u00edses lim\u00edtrofes como Brasil o Per\u00fa\u00bb. De acuerdo a lo explicado por Lima, la sanci\u00f3n por trasladar ganado a otro pa\u00eds supone Bs 70 por cabeza y considera que se deber\u00eda incrementar la sanci\u00f3n de manera m\u00e1s dr\u00e1stica.<\/p>\n<p style=\"text-align: justify;\">Finalmente, los comercializadores de carne cuestionan los remates de reses \u00abque encarecen un producto de la canasta b\u00e1sica\u00bb. Piden al Gobierno que se suspendan estos remates para regular y controlar el precio de venta final de la carne.<\/p>\n<p style=\"text-align: justify;\">La posici\u00f3n de los vendedores de carne confronta los argumentos expuestos por los ganaderos. Si bien Lima considera que la posibilidad de exportar por cupos es una alternativa de soluci\u00f3n, tambi\u00e9n afirma que los \u00abganaderos malinforman a las autoridades.<\/p>\n<p style=\"text-align: justify;\">El reclamo planteado por Contracabol justifica sus acciones alegando que \u00abno hay carne para el consumo interno a buenos precios\u00bb. Adem\u00e1s, aseguran que en el mercado interno se ofrece carne de \u00abbaja calidad y a un precio m\u00e1s elevado\u00bb porque los ganaderos priorizan los mercados externos que son m\u00e1s competitivos.<\/p>\n<p style=\"text-align: justify;\">\u00abNos ponen (la carne) a su precio y nos se\u00f1alan que si queremos compramos (su carne) y si no, no compremos\u00bb, indica Lima. Actualmente, el kilo carne en Santa Cruz de la Sierra se establece en Bs 24, 5 o 6 bolivianos m\u00e1s caro que en d\u00edas atr\u00e1s.<\/p>\n","protected":false},"excerpt":{"rendered":"<p>Gobierno y comercializadores de carne logran un acuerdo y avanzar\u00e1n en la regulaci\u00f3n de las propuestas presentadas por los vendedores. Con el acuerdo alcanzado, los sectores levantar\u00e1n las medidas de presi\u00f3n, aunque en Santa Cruz de la Sierra persiste la convocatoria para reunirse ma\u00f1ana temprano en los mataderos. Jorge Lima, delegado de los vendedores de [&hellip;]<\/p>\n","protected":false},"author":4,"featured_media":5707,"comment_status":"open","ping_status":"open","sticky":false,"template":"","format":"standard","meta":{"footnotes":""},"categories":[20],"tags":[],"class_list":{"0":"post-5706","1":"post","2":"type-post","3":"status-publish","4":"format-standard","5":"has-post-thumbnail","7":"category-actualidad"},"_links":{"self":[{"href":"https:\/\/jms.com.bo\/mediamonitor\/wp-json\/wp\/v2\/posts\/5706","targetHints":{"allow":["GET"]}}],"collection":[{"href":"https:\/\/jms.com.bo\/mediamonitor\/wp-json\/wp\/v2\/posts"}],"about":[{"href":"https:\/\/jms.com.bo\/mediamonitor\/wp-json\/wp\/v2\/types\/post"}],"author":[{"embeddable":true,"href":"https:\/\/jms.com.bo\/mediamonitor\/wp-json\/wp\/v2\/users\/4"}],"replies":[{"embeddable":true,"href":"https:\/\/jms.com.bo\/mediamonitor\/wp-json\/wp\/v2\/comments?post=5706"}],"version-history":[{"count":1,"href":"https:\/\/jms.com.bo\/mediamonitor\/wp-json\/wp\/v2\/posts\/5706\/revisions"}],"predecessor-version":[{"id":5708,"href":"https:\/\/jms.com.bo\/mediamonitor\/wp-json\/wp\/v2\/posts\/5706\/revisions\/5708"}],"wp:featuredmedia":[{"embeddable":true,"href":"https:\/\/jms.com.bo\/mediamonitor\/wp-json\/wp\/v2\/media\/5707"}],"wp:attachment":[{"href":"https:\/\/jms.com.bo\/mediamonitor\/wp-json\/wp\/v2\/media?parent=5706"}],"wp:term":[{"taxonomy":"category","embeddable":true,"href":"https:\/\/jms.com.bo\/mediamonitor\/wp-json\/wp\/v2\/categories?post=5706"},{"taxonomy":"post_tag","embeddable":true,"href":"https:\/\/jms.com.bo\/mediamonitor\/wp-json\/wp\/v2\/tags?post=5706"}],"curies":[{"name":"wp","href":"https:\/\/api.w.org\/{rel}","templated":true}]}}