{"id":5712,"date":"2021-04-26T05:56:32","date_gmt":"2021-04-26T09:56:32","guid":{"rendered":"http:\/\/jms.com.bo\/mediamonitor\/?p=5712"},"modified":"2021-04-26T05:56:32","modified_gmt":"2021-04-26T09:56:32","slug":"evacuan-a-30-familias-del-tropico-hay-2-mil-ha-de-cultivos-danados","status":"publish","type":"post","link":"https:\/\/jms.com.bo\/mediamonitor\/2021\/04\/26\/evacuan-a-30-familias-del-tropico-hay-2-mil-ha-de-cultivos-danados\/","title":{"rendered":"Evacuan a 30 familias del tr\u00f3pico; hay 2 mil Ha de cultivos da\u00f1ados"},"content":{"rendered":"<p style=\"text-align: justify;\">Al menos 30 familias fueron evacuadas el fin de semana en el tr\u00f3pico cochabambino debido a que sus viviendas fueron afectadas por las riadas e inundaciones que provocaron las fuertes lluvias en los municipios de Chimor\u00e9 y Puerto Villarroel.<\/p>\n<p style=\"text-align: justify;\">Adem\u00e1s, m\u00e1s de 2 mil hect\u00e1reas de cultivos de banano, yuca, arroz, c\u00edtricos pi\u00f1a y palmito tambi\u00e9n fueron da\u00f1ados por las inundaciones, inform\u00f3 el representante del sector agropecuario de Cochabamba, Rolando Morales.<\/p>\n<p style=\"text-align: justify;\">El viceministro de Defensa Civil, Juan Carlos Calvimontes, inform\u00f3 a radio Patria Nueva que \u201chasta el d\u00eda de ayer (s\u00e1bado), ten\u00edamos 20 familias que han sido rescatadas en el municipio de Ivirgarzama y 10 en Puerto Villarroel. En este momento se est\u00e1 en el proceso de equipamiento, tomando en cuenta que debe contar con lugares donde dormir, abrigo, pero, fundamentalmente, con la alimentaci\u00f3n\u201d, cita ABI.<\/p>\n<p style=\"text-align: justify;\">Las familias fueron evacuadas el s\u00e1bado por la Armada Boliviana debido a que el desborde de los r\u00edos Cristal y Sajta afect\u00f3 a las comunidades de Valle Sajta, Senda 6, Senda 5 y Central 13 de Julio, en Ivirgarzama, y de los Sindicatos Nazareno, San Andr\u00e9s, Manantial A y B, Nuevo Amanecer, Tarija y Topater, del municipio de Puerto Villarroel.<\/p>\n<p style=\"text-align: justify;\">En tanto, el representante del sector agropecuario dijo: \u201cS\u00f3lo el sector bananero report\u00f3 m\u00e1s de 2 mil hect\u00e1reas afectadas por las fuertes lluvias y vientos, pero no s\u00f3lo este sector fue afectado, sino tambi\u00e9n hemos tenido afectaci\u00f3n en plantaciones de c\u00edtricos, pi\u00f1a, palmito, arroz y yuca, sin considerar que muchas piscinas donde se cr\u00eda peces con la presi\u00f3n del agua han rebalsado\u201d.<\/p>\n<p style=\"text-align: justify;\">Sin embargo, Morales se\u00f1al\u00f3 que la afectaci\u00f3n global se lo har\u00e1 conocer en los siguientes d\u00edas debido a que a\u00fan no se puede cuantificar los da\u00f1os porque hay sectores donde no se puede ingresar porque a\u00fan existe bastante agua y lodo.<\/p>\n<p style=\"text-align: justify;\">Otro detalle que se\u00f1al\u00f3 Morales es que se pedir\u00e1 a los concejos municipales del tr\u00f3pico que emitan una declaratoria de desastre para poder transferir recursos para esta emergencia.<\/p>\n<p style=\"text-align: justify;\">\u201cAgradecemos a los cinco municipios del tr\u00f3pico que reaccionaron inmediatamente con sus URG, pese a que no tienen grandes presupuestos, para apoyar en los habitantes y productores\u201d, dijo Morales.<\/p>\n<p style=\"text-align: justify;\">Asimismo, se inform\u00f3 desde Chimor\u00e9 que la crecida de los r\u00edos ocasion\u00f3 la muerte de al menos 8 mil pollos en una granja del sindicato Senda \u201cC\u201d Oeste.<\/p>\n<p style=\"text-align: justify;\">GRUPOS DE RESCATE ACUDEN AL TR\u00d3PICO<\/p>\n<p style=\"text-align: justify;\">Ochenta voluntarios de los grupos de rescate del SAR-FAB y del Servicio de B\u00fasqueda y Rescate de la Armada Boliviana (Sbrab) se sumaron ayer a las tareas de rescate y evacuaci\u00f3n en el tr\u00f3pico cochabambino.<\/p>\n<p style=\"text-align: justify;\">El director general de emergencia y auxilio de Defensa Civil, Edgar Arispe, se\u00f1al\u00f3: \u201cDesde el s\u00e1bado en la madrugada el personal de la base naval ha ido participando en las tareas de salvataje. Este grupo va a continuar con esas tareas, orientadas a ver la posibilidad de llevar a las familias a albergues y darles la ayuda necesaria\u201d.<\/p>\n","protected":false},"excerpt":{"rendered":"<p>Al menos 30 familias fueron evacuadas el fin de semana en el tr\u00f3pico cochabambino debido a que sus viviendas fueron afectadas por las riadas e inundaciones que provocaron las fuertes lluvias en los municipios de Chimor\u00e9 y Puerto Villarroel. Adem\u00e1s, m\u00e1s de 2 mil hect\u00e1reas de cultivos de banano, yuca, arroz, c\u00edtricos pi\u00f1a y palmito [&hellip;]<\/p>\n","protected":false},"author":4,"featured_media":5713,"comment_status":"open","ping_status":"open","sticky":false,"template":"","format":"standard","meta":{"footnotes":""},"categories":[20,47,48],"tags":[],"class_list":{"0":"post-5712","1":"post","2":"type-post","3":"status-publish","4":"format-standard","5":"has-post-thumbnail","7":"category-actualidad","8":"category-portada-actualidad","9":"category-portada-general-sitio"},"_links":{"self":[{"href":"https:\/\/jms.com.bo\/mediamonitor\/wp-json\/wp\/v2\/posts\/5712","targetHints":{"allow":["GET"]}}],"collection":[{"href":"https:\/\/jms.com.bo\/mediamonitor\/wp-json\/wp\/v2\/posts"}],"about":[{"href":"https:\/\/jms.com.bo\/mediamonitor\/wp-json\/wp\/v2\/types\/post"}],"author":[{"embeddable":true,"href":"https:\/\/jms.com.bo\/mediamonitor\/wp-json\/wp\/v2\/users\/4"}],"replies":[{"embeddable":true,"href":"https:\/\/jms.com.bo\/mediamonitor\/wp-json\/wp\/v2\/comments?post=5712"}],"version-history":[{"count":1,"href":"https:\/\/jms.com.bo\/mediamonitor\/wp-json\/wp\/v2\/posts\/5712\/revisions"}],"predecessor-version":[{"id":5714,"href":"https:\/\/jms.com.bo\/mediamonitor\/wp-json\/wp\/v2\/posts\/5712\/revisions\/5714"}],"wp:featuredmedia":[{"embeddable":true,"href":"https:\/\/jms.com.bo\/mediamonitor\/wp-json\/wp\/v2\/media\/5713"}],"wp:attachment":[{"href":"https:\/\/jms.com.bo\/mediamonitor\/wp-json\/wp\/v2\/media?parent=5712"}],"wp:term":[{"taxonomy":"category","embeddable":true,"href":"https:\/\/jms.com.bo\/mediamonitor\/wp-json\/wp\/v2\/categories?post=5712"},{"taxonomy":"post_tag","embeddable":true,"href":"https:\/\/jms.com.bo\/mediamonitor\/wp-json\/wp\/v2\/tags?post=5712"}],"curies":[{"name":"wp","href":"https:\/\/api.w.org\/{rel}","templated":true}]}}