{"id":5721,"date":"2021-04-26T06:04:33","date_gmt":"2021-04-26T10:04:33","guid":{"rendered":"http:\/\/jms.com.bo\/mediamonitor\/?p=5721"},"modified":"2021-04-26T06:04:33","modified_gmt":"2021-04-26T10:04:33","slug":"diputado-masista-cree-que-el-pedido-de-que-se-traslade-a-anez-a-una-clinica-es-para-que-se-vaya-a-fugar-a-una-embajada","status":"publish","type":"post","link":"https:\/\/jms.com.bo\/mediamonitor\/2021\/04\/26\/diputado-masista-cree-que-el-pedido-de-que-se-traslade-a-anez-a-una-clinica-es-para-que-se-vaya-a-fugar-a-una-embajada\/","title":{"rendered":"Diputado masista cree que el pedido de que se traslade a \u00c1\u00f1ez a una cl\u00ednica es para que se vaya a fugar a una embajada"},"content":{"rendered":"<p style=\"text-align: justify;\">\u00abCreemos que se est\u00e1 instaurando una estrategia jur\u00eddica, en coordinaci\u00f3n con la bancada opositora al MAS, a efectos de que se pueda permitir la salida de Jeanine \u00c1\u00f1ez a una cl\u00ednica, y de ah\u00ed la fuga a una embajada af\u00edn\u00bb, sindic\u00f3 el diputado del Movimiento al Socialismo, Juan Jos\u00e9 J\u00e1uregui.<\/p>\n<p style=\"text-align: justify;\">Para \u00e9l, resulta sintom\u00e1tica la temporalidad de los acontecimientos, dijo que casualmente fue una comisi\u00f3n a visitar al secretario general de la OEA, que hizo un \u00abshow medi\u00e1tico\u00bb para visibilizar su viaje, y que el mismo d\u00eda \u00abla se\u00f1ora A\u00f1ez se descompens\u00f3\u00bb.<\/p>\n<p style=\"text-align: justify;\">Asimismo, enfatiz\u00f3 que la Direcci\u00f3n de R\u00e9gimen Penitenciario ofreci\u00f3 la atenci\u00f3n m\u00e9dica especializada, pero \u00c1\u00f1ez se neg\u00f3 a recibirla y que es parte del procedimiento que debe cumplirse que, para que sea atendido el requerimiento de la defensa (de salir a una cl\u00ednica), antes sea valorada por el m\u00e9dico del penal.<\/p>\n<p style=\"text-align: justify;\">\u00abNo queremos pensar mal, pero parece que se est\u00e1 articulando la estrategia. Una vez en la embajada, ya no se puede ejercer alg\u00fan tipo de persecuci\u00f3n con relaci\u00f3n a los delitos\u00bb, insisti\u00f3.<\/p>\n<p style=\"text-align: justify;\">Jairo Guiteras, legislador de Comunidad Ciudadana (CC), en respuesta, dijo que los diputados del MAS creen que todos son de su condici\u00f3n, como alude el refr\u00e1n. \u00abEsto cae en el tema humano, hay una persona con informes m\u00e9dicos, de que est\u00e1 delicada. Cuando el ahora presidente Arce estuvo con problemas de salud, se le otorg\u00f3 un salvoconducto para que pudiera ir y tratarse en Brasil\u00bb, record\u00f3.<br \/>\nSobre el viaje de la comisi\u00f3n opositora, Guiteras explic\u00f3 que parti\u00f3 para presentar las pruebas de las violaciones sistem\u00e1ticas a los derechos humanos que existen en el pa\u00eds. \u00abEntre esas violaciones est\u00e1n, obviamente, las detenciones ilegales de la expresidenta y de los exministros. Esto no se trata de defender a una o tres personas, sino principios fundamentales, derechos\u00bb, argument\u00f3.<\/p>\n<p style=\"text-align: justify;\">Con respecto a la supuesta coordinaci\u00f3n (para la fuga) con la bancada opositora, Guiteras aclar\u00f3 que lo que esta viene haciendo, desde el principio de la gesti\u00f3n, es fiscalizar, y que eso incluye al Poder Judicial. \u00abAl que venimos denunciando desde siempre. Tenemos el peor sistema judicial del mundo, que obedece \u00f3rdenes pol\u00edticas y seguiremos denunci\u00e1ndolo\u00bb, advirti\u00f3.<\/p>\n<p style=\"text-align: justify;\">Para \u00e9l, hay muchas irregularidades en el trabajo de la instancia judicial, partiendo de una detenci\u00f3n a las dos de la ma\u00f1ana, sin \u00f3rdenes de allanamientos, continuando por someter a una expresidenta a un juicio ordinario, \u00absiendo que corresponde un juicio de corte que pase por la Asamblea Legislativa Plurinacional\u00bb, acot\u00f3.<\/p>\n<p style=\"text-align: justify;\">La diputada de Comunidad Ciudadana por Beni, Janira Rom\u00e1n, cree que el oficialismo est\u00e1 buscando la forma de reforzar e imponer su planteamiento pol\u00edtico de que la huida de Evo Morales fue por golpe de Estado. Dice que utilizan cualquier contexto de la oposici\u00f3n, y de la exmandataria, para seguir fortaleciendo ese discurso de que fue un golpe de Estado.<\/p>\n<p style=\"text-align: justify;\">\u00abBuscan hacer m\u00e1s montajes, como no ten\u00edan los dos tercios para el juicio de responsabilidades, andan viendo estrategias siempre, que les permitan sostener el discurso que se les va debilitando, sobre todo ahora que organismos internacionales tienen manifestaciones al respecto, y que se est\u00e1 abordando la falta de independencia de la justicia, etc.\u00bb, dijo.<\/p>\n<p style=\"text-align: justify;\">De acuerdo a Rom\u00e1n, la ida a la OEA es un obst\u00e1culo para seguir posicionando el discurso del MAS de golpe. \u00abTodos los ojos y las cabezas de los estrategas del MAS que arman estos montajes est\u00e1n fijados en Jeanine\u00bb, apunt\u00f3.<br \/>\nEsta noche retornaban de su visita a la OEA los integrantes de una comisi\u00f3n denunciante, que llevaron una serie de documentos para denunciar violaciones a los derechos humanos de parte del oficialismo.<\/p>\n","protected":false},"excerpt":{"rendered":"<p>\u00abCreemos que se est\u00e1 instaurando una estrategia jur\u00eddica, en coordinaci\u00f3n con la bancada opositora al MAS, a efectos de que se pueda permitir la salida de Jeanine \u00c1\u00f1ez a una cl\u00ednica, y de ah\u00ed la fuga a una embajada af\u00edn\u00bb, sindic\u00f3 el diputado del Movimiento al Socialismo, Juan Jos\u00e9 J\u00e1uregui. Para \u00e9l, resulta sintom\u00e1tica la [&hellip;]<\/p>\n","protected":false},"author":4,"featured_media":5722,"comment_status":"open","ping_status":"open","sticky":false,"template":"","format":"standard","meta":{"footnotes":""},"categories":[18,48,46],"tags":[],"class_list":{"0":"post-5721","1":"post","2":"type-post","3":"status-publish","4":"format-standard","5":"has-post-thumbnail","7":"category-politica","8":"category-portada-general-sitio","9":"category-portada-politica"},"_links":{"self":[{"href":"https:\/\/jms.com.bo\/mediamonitor\/wp-json\/wp\/v2\/posts\/5721","targetHints":{"allow":["GET"]}}],"collection":[{"href":"https:\/\/jms.com.bo\/mediamonitor\/wp-json\/wp\/v2\/posts"}],"about":[{"href":"https:\/\/jms.com.bo\/mediamonitor\/wp-json\/wp\/v2\/types\/post"}],"author":[{"embeddable":true,"href":"https:\/\/jms.com.bo\/mediamonitor\/wp-json\/wp\/v2\/users\/4"}],"replies":[{"embeddable":true,"href":"https:\/\/jms.com.bo\/mediamonitor\/wp-json\/wp\/v2\/comments?post=5721"}],"version-history":[{"count":1,"href":"https:\/\/jms.com.bo\/mediamonitor\/wp-json\/wp\/v2\/posts\/5721\/revisions"}],"predecessor-version":[{"id":5723,"href":"https:\/\/jms.com.bo\/mediamonitor\/wp-json\/wp\/v2\/posts\/5721\/revisions\/5723"}],"wp:featuredmedia":[{"embeddable":true,"href":"https:\/\/jms.com.bo\/mediamonitor\/wp-json\/wp\/v2\/media\/5722"}],"wp:attachment":[{"href":"https:\/\/jms.com.bo\/mediamonitor\/wp-json\/wp\/v2\/media?parent=5721"}],"wp:term":[{"taxonomy":"category","embeddable":true,"href":"https:\/\/jms.com.bo\/mediamonitor\/wp-json\/wp\/v2\/categories?post=5721"},{"taxonomy":"post_tag","embeddable":true,"href":"https:\/\/jms.com.bo\/mediamonitor\/wp-json\/wp\/v2\/tags?post=5721"}],"curies":[{"name":"wp","href":"https:\/\/api.w.org\/{rel}","templated":true}]}}