{"id":5727,"date":"2021-04-26T06:11:33","date_gmt":"2021-04-26T10:11:33","guid":{"rendered":"http:\/\/jms.com.bo\/mediamonitor\/?p=5727"},"modified":"2021-04-26T06:11:33","modified_gmt":"2021-04-26T10:11:33","slug":"oscar-mario-justiniano-desde-2014-el-agro-pide-politicas-financieras-que-ayuden-a-salir-de-la-crisis","status":"publish","type":"post","link":"https:\/\/jms.com.bo\/mediamonitor\/2021\/04\/26\/oscar-mario-justiniano-desde-2014-el-agro-pide-politicas-financieras-que-ayuden-a-salir-de-la-crisis\/","title":{"rendered":"Oscar Mario Justiniano: \u201cDesde 2014 el agro pide pol\u00edticas financieras que ayuden a salir de la crisis\u201d"},"content":{"rendered":"<p style=\"text-align: justify;\">Luego de unas pol\u00e9micas elecciones, \u00d3scar Mario Justiniano, conduce los destinos de la C\u00e1mara Agropecuaria del Oriente (CAO) una de las entidades empresariales m\u00e1s importantes del pa\u00eds. El nuevo titular de la instituci\u00f3n admite que existen fricciones entre productores, pero dice que \u201cnunca divisi\u00f3n\u201d. Es m\u00e1s, neg\u00f3 que fuera promovido a la CAO por el sector agroindustrial y sostuvo que apretar\u00e1 el acelerador en su gesti\u00f3n.<\/p>\n<p style=\"text-align: justify;\"><strong>&#8211; Despu\u00e9s de las elecciones \u00bfCu\u00e1les son los retos que debe atender el sector?<\/strong><\/p>\n<p style=\"text-align: justify;\">Las elecciones son un tema del pasado. El sector productivo, siempre se mantuvo unido. Lo que hace un proceso eleccionario es salir fortalecido porque en este caso se entiende que puede haber diferencias, pero nunca van a existir divisiones. Los problemas no han terminado, sino m\u00e1s bien siguen y en otro caso se siguen sumando.<\/p>\n<p style=\"text-align: justify;\">Entonces, precisamos avanzar en todos estos problemas de coordinaci\u00f3n, con el Estado central, las gobernaciones y las alcald\u00edas.<\/p>\n<p style=\"text-align: justify;\">Esta coordinaci\u00f3n tiene que hacer que visualicemos un despegue del sector, no solo a corto, sino a mediano y largo plazo. Para esto tiene que haber incentivos correctos y por supuesto, normativas que es lo que est\u00e1 faltando.<\/p>\n<p style=\"text-align: justify;\"><strong>&#8211; \u00bfC\u00f3mo se logra eso, porque hay temas pendientes por a\u00f1os en el sector? \u00bfC\u00f3mo marcar\u00e1 la diferencia en su gesti\u00f3n?<\/strong><\/p>\n<p style=\"text-align: justify;\">Si bien pueden existir diferencias, las gestiones se trabajan en los temas m\u00e1s sensibles. Como usted dice, hay problemas de a\u00f1os; por ejemplo, el proceso agrario no tiene 10 a\u00f1os, ni 14, si no m\u00e1s de 25 a\u00f1os. En este tiempo, la CAO siempre estuvo dispuesta a trabajar, pero el Instituto de Reforma Agraria (INRA) no pudo llevar adelante una pol\u00edtica estable. No, fue la CAO.<\/p>\n<p style=\"text-align: justify;\">De gesti\u00f3n a gesti\u00f3n hay diferentes formas de afrontar los problemas. Por eso, vamos a imprimir el acelerador y darle m\u00e1s tiempo para atenderlos. Necesitamos un convencimiento nacional para dar certidumbre al productor.<\/p>\n<p style=\"text-align: justify;\">Porque sin ello el productor no va a generar nuevas inversiones ni crecimiento y es lo que ha pasado hace tiempo. Desde 2014 no tenemos un crecimiento exponencial en \u00e1rea productiva y mayor productividad en soya, ma\u00edz y sorgo. S\u00ed, hemos tenido un crecimiento en ganado, porque se han dado condiciones adecuadas para que se puedan generar, en este caso, las exportaciones.<\/p>\n<p style=\"text-align: justify;\"><strong>&#8211; \u00bfC\u00f3mo percibe la pol\u00edtica de dotaci\u00f3n de tierras y que los interculturales sean due\u00f1os del 28% de la tierra saneada?<\/strong><\/p>\n<p style=\"text-align: justify;\">El Gobierno tiene la potestad de hacer la dotaci\u00f3n porque son tierras fiscales. De ah\u00ed en m\u00e1s, nosotros tenemos el derecho de exigir que saneen nuestras tierras para obtener la titulaci\u00f3n. Para nosotros es muy importante el tema del saneamiento, particularmente la titulaci\u00f3n, porque es la herramienta para poder ingresar al sistema financiero.<\/p>\n<p style=\"text-align: justify;\">Cuando uno ingresa al sistema financiero baja la tasa de inter\u00e9s que dan las casas comerciales, o pr\u00e9stamos privados, que est\u00e1n entre un 18 y 24%. Un 6% es importante para un sector que necesita mejores condiciones.<\/p>\n<p style=\"text-align: justify;\">La pol\u00edtica (de dotaci\u00f3n) que quiera aplicar el Gobierno es pol\u00edtica de ellos, pero lo que nosotros siempre hemos pedido es que no recorten nuestras tierras.<\/p>\n<p style=\"text-align: justify;\"><strong>&#8211; \u00bfHa pasado eso? \u00bfHubo recorte de tierras productivas?<\/strong><\/p>\n<p style=\"text-align: justify;\">Claro que s\u00ed. En procesos de saneamientos anteriores, hubo recortes de tierra, y eso en su debido momento se ha manifestado; que no estamos de acuerdo, pero no por defender a los que no cumplan la Funci\u00f3n Econ\u00f3mica Social (FES), sino defendiendo a que los procesos de saneamiento sean limpios y transparentes.<\/p>\n<p style=\"text-align: justify;\">Incluso en EL DEBER salieron art\u00edculos de otras instituciones que hablaron sobre eso; hubo recortes de propiedades que s\u00ed cumpl\u00edan la FES (funci\u00f3n econ\u00f3mica social) y la falta de transparencia en su debido momento, que es lo que estamos pidiendo nosotros ahora. Un INRA distinto y un Ministerio de Desarrollo Rural distinto que respeten los procesos y la transparencia. Paralelamente al tema tierra, debemos buscar mecanismos de mayor acceso a la tecnolog\u00eda, no solo a la biotecnolog\u00eda, para incrementar los rendimientos.<\/p>\n<p style=\"text-align: justify;\"><strong>&#8211; \u00bf A qu\u00e9 se refiere con eso?<\/strong><\/p>\n<p style=\"text-align: justify;\">Mire, cuando nosotros hablamos de tecnolog\u00eda no es solamente de la semilla gen\u00e9ticamente modificada, sino de todo el paquete tecnol\u00f3gico que adem\u00e1s apoya a la biotecnolog\u00eda. Por ejemplo, desde canalizaciones de agua, nivelaciones de suelo; es decir, son varias medidas las cuales tienen que estar dadas. Por ejemplo, no es posible que un predio privado peque\u00f1o no pueda acceder a un cr\u00e9dito para hacer una perforaci\u00f3n de pozo cuando est\u00e1 en desigualdad de condiciones con las comunidades. Se deber\u00eda brindar el acceso de este tipo de programas de perforaciones del Gobierno a todos por igual.<\/p>\n<p style=\"text-align: justify;\"><strong>&#8211; \u00bfC\u00f3mo est\u00e1 el acceso al cr\u00e9dito para el sector?<\/strong><\/p>\n<p style=\"text-align: justify;\">Es necesario implementar l\u00edneas de financiamiento para capital operativo y de inversi\u00f3n, con tasas de hasta un 6%. Si uno no tiene la posibilidad de ingresar a este tipo de cr\u00e9ditos es casi imposible una reactivaci\u00f3n. Si usted no tiene los t\u00edtulos de su tierra, por m\u00e1s mediano o grande que sea, no puede ser sujeto de cr\u00e9dito en la banca.<\/p>\n<p style=\"text-align: justify;\">Si no puede ingresar, no accede a ese 6% para ser altamente competitivo. Pero a la vez tiene la otra pol\u00edtica estatal de un cr\u00e9dito de inter\u00e9s del 0,5%, que es excluyente para nosotros porque no permite que accedan los productores que tributan en e R\u00e9gimen Agropecuario. Es urgente el financiamiento para reprogramar la cartera con las casas comerciales. Desde 2014 venimos exigiendo pol\u00edticas financieras que nos ayuden a salir de la crisis. El sector agr\u00edcola tiene una cartera en mora con las casas comerciales de m\u00e1s de $us 500 millones, que es la sumatoria de campa\u00f1as con precios bajos, que ven\u00edan golpeadas por inundaciones y sequ\u00eda, porque la biotecnolog\u00eda es pr\u00e1cticamente inexistente.<\/p>\n<p style=\"text-align: justify;\"><strong>&#8211; \u00bfQu\u00e9 tan manejable es la mora con la casas comerciales?<\/strong><\/p>\n<p style=\"text-align: justify;\">Hay un endeudamiento privado extremadamente peligroso, con un inter\u00e9s que no es adecuado.<\/p>\n<p style=\"text-align: justify;\">Es ah\u00ed donde se precisa el financiamiento de la banca. Un inter\u00e9s del 6% traer\u00eda un respiro inmediato despu\u00e9s de una presi\u00f3n con un inter\u00e9s que va desde el 18% al 22% que otorgan las casas comerciales.<\/p>\n<p style=\"text-align: justify;\">Estamos trabajando en poder formular pol\u00edticas nacionales, porque tenemos claro que Bolivia debe ser un pa\u00eds productivo y de alta potencialidad exportadora.<\/p>\n<p style=\"text-align: justify;\"><strong>&#8211; \u00bfCu\u00e1l es su postura con respecto a la banda de precios?, \u00bfpedir\u00e1 al Gobierno que suspenda la medida?<\/strong><\/p>\n<p style=\"text-align: justify;\">Se ha trabajado con el sector pecuario y agr\u00edcola, tambi\u00e9n con la industria, para generar una propuesta hacia el Gobierno. Hemos concluido ese trabajo que presentaremos en las siguientes semanas.<\/p>\n<p style=\"text-align: justify;\">De todos modos, nuestro lineamiento siempre fue claro. Nunca vamos a estar de acuerdo con que un sector financie a otro, tampoco en que el sector primario sea tambi\u00e9n manipulado y afectado con una baja indiscriminada de los precios, porque la soya; al ser un commodity, existe referencia en las Bolsas de Chicago o Rosario.<\/p>\n<p style=\"text-align: justify;\">No estamos de acuerdo con la manipulaci\u00f3n de precios. Tampoco ser\u00eda real decir que no cost\u00f3 llegar a un consenso, pero se logr\u00f3 un acuerdo. No debe haber reuniones individuales entre los sectores y el Gobierno, porque despu\u00e9s las resoluciones que salgan no son adecuadas para todos. Las reuniones deben ser tripartitas, para que exista equidad.<\/p>\n<p style=\"text-align: justify;\"><strong>&#8211; \u00bf C\u00f3mo ve que los sectores del MAS coloquen ministros?<\/strong><\/p>\n<p style=\"text-align: justify;\">Todo cambio es traum\u00e1tico, cualquier autoridad necesita m\u00ednimo seis meses para asentarse, porque hay ministerios que llegan a influir en el sector productivo, no solo el cruce\u00f1o sino nacional, como el ministerio de Desarrollo Rural y Tierras.<\/p>\n<p style=\"text-align: justify;\">Es atribuci\u00f3n del Presidente escoger a sus ministros, lo que pedimos es que sean gente proba, que entienda los distintos sistemas productivos del pa\u00eds, no solo uno.<\/p>\n<p style=\"text-align: justify;\">Entendemos que el nuevo ministro tiene esa condici\u00f3n y aplaudimos su designaci\u00f3n. Esperamos que se puedan instaurar las agendas productivas, no solo las departamentales sino la nacional.<\/p>\n<p style=\"text-align: justify;\"><strong>&#8211; \u00bfCu\u00e1l ser\u00e1 el rol de la CAO, durante su gesti\u00f3n?<\/strong><\/p>\n<p style=\"text-align: justify;\">Creo que la pol\u00edtica institucional que tiene la CAO siempre ha estado enmarcada en una relaci\u00f3n con el Gobierno de exigir las medidas adecuadas para el sector.<\/p>\n<p style=\"text-align: justify;\">Esa es una pol\u00edtica institucional, que tenga mayor protagonismo depender\u00e1 de c\u00f3mo se desarrolla.<\/p>\n<p style=\"text-align: justify;\">En este caso particular, yo pienso que debemos salir lo antes posible de todos los efectos nefastos que nos dej\u00f3 el coronavirus.<\/p>\n<p style=\"text-align: justify;\">El trabajo tiene que ser intenso, en los tres niveles de Gobierno. Para eso, precisamos que las autoridades entiendan al sector, que nunca est\u00e1 hablando de pol\u00edtica partidaria, sino institucional, que ser\u00e1 invariable e independientemente de la autoridad que est\u00e9, porque es lo que nos afecta.<\/p>\n<p style=\"text-align: justify;\">No nos debemos a un partido pol\u00edtico, sino a 11 millones de personas que debemos alimentar.<\/p>\n<p style=\"text-align: justify;\"><strong>&#8211; \u00bfVan cambiar los estatutos de la CAO para que aquellos que no son propietarios de la tierra postulen a la directiva?<\/strong><\/p>\n<p style=\"text-align: justify;\">Las elecciones son del pasado. Qued\u00f3 claro que un 76% de los asistentes decidi\u00f3 que yo est\u00e9 en la presidencia de la CAO. Est\u00e1 claro para ellos las condiciones en las que se presentaron los candidatos. En ning\u00fan momento se tuvo de parte de la junta electoral, ni del consejo consultivo de past-presidentes, tampoco de la justicia una interpretaci\u00f3n que vaya relacionada a la violaci\u00f3n de los estatutos. Para el futuro se viene un an\u00e1lisis profundo de nuestros estatutos con el objetivo de que no existan vac\u00edos y nunca m\u00e1s se generen fricciones.<\/p>\n<p style=\"text-align: justify;\">Se pidi\u00f3 en pleno congreso, y lo hizo un delegado, que se haga una adecuaci\u00f3n porque nuestros estatutos no prev\u00e9n el Covid-19.<\/p>\n<p style=\"text-align: justify;\">Nosotros ten\u00edamos prevista la elecci\u00f3n en la tercera semana de febrero y 15 d\u00edas despu\u00e9s la posesi\u00f3n, pero el Covid-19 impidi\u00f3 que se lleven adelante las elecciones y posteriormente hubo un retraso. Entonces, se debe tener un estatuto adecuado a las realidades de los momentos nunca pensados. Por ejemplo, nadie sabe si \u00e9sta es la \u00fanica pandemia y hay que prever.<\/p>\n<p style=\"text-align: justify;\"><strong>&#8211; Las elecciones son parte del pasado, pero es necesario aclarar algunas cosas \u00bfEs cierto que es promovido por la industria y que dej\u00f3 de ser productor?<\/strong><\/p>\n<p style=\"text-align: justify;\">Le paso un video (se r\u00ede), en mi granja hice un video donde muestro mi producci\u00f3n y la documentaci\u00f3n que tengo, que es respaldatoria. Es la que interpret\u00f3 la junta electoral y el consejo consultivo de pastpresidentes, que es la instancia m\u00e1xima que nosotros tenemos para que pueda hacer una interpretaci\u00f3n de los estatutos. Y todo estuvo respaldado, nunca estuvo en duda.<\/p>\n<p style=\"text-align: justify;\"><strong>&#8211; Pero dicen que vendi\u00f3 su propiedad. \u00bfes cierto o no?<\/strong><\/p>\n<p style=\"text-align: justify;\">No. Uno demuestras con distintos documentos su derecho propietario, se puede hacer con minuta de transferencia legalizada como lo puede perfeccionar, dependiendo del INRA. En mi caso, yo tengo una compra de un fundo en 2009, est\u00e1 notariado, tiene inscripci\u00f3n en Catastro, cuenta con plano catastral y plano del Instituto Geogr\u00e1fico Militar (IGM), para obtener t\u00edtulo no depende de m\u00ed sino del proceso de saneamiento del INRA. El estatuto no dice qui\u00e9n tiene mejor derecho propietario, lo que te dice es demuestra que tienes derecho propietario.<\/p>\n<p style=\"text-align: justify;\"><strong>&#8211; \u00bfEs cierto que tiene relaci\u00f3n con la agroindustria?<\/strong><\/p>\n<p style=\"text-align: justify;\">Soy productor de cerdos hace m\u00e1s de 12 a\u00f1os. Mi sector es el que me respalda, y de ah\u00ed es de donde yo salgo. He sido director, vicepresidente y presidente de Adepor, no tengo intereses en la agroindustria, tambi\u00e9n soy productor ganadero, pero de donde vengo y a quien me debo, particularmente es al sector porcino. Ahora, en la CAO, debemos trabajar por todos.<\/p>\n<p style=\"text-align: justify;\"><strong>&#8211; \u00bfC\u00f3mo qued\u00f3 su relaci\u00f3n con Reinaldo D\u00edaz el expresidente de la CAO que objet\u00f3 su postulaci\u00f3n?<\/strong><\/p>\n<p style=\"text-align: justify;\">Siempre hemos tenido una amistad y no ser\u00e1 distinto hacia adelante en mi gesti\u00f3n.<\/p>\n","protected":false},"excerpt":{"rendered":"<p>Luego de unas pol\u00e9micas elecciones, \u00d3scar Mario Justiniano, conduce los destinos de la C\u00e1mara Agropecuaria del Oriente (CAO) una de las entidades empresariales m\u00e1s importantes del pa\u00eds. El nuevo titular de la instituci\u00f3n admite que existen fricciones entre productores, pero dice que \u201cnunca divisi\u00f3n\u201d. Es m\u00e1s, neg\u00f3 que fuera promovido a la CAO por el [&hellip;]<\/p>\n","protected":false},"author":4,"featured_media":5728,"comment_status":"open","ping_status":"open","sticky":false,"template":"","format":"standard","meta":{"footnotes":""},"categories":[25],"tags":[],"class_list":{"0":"post-5727","1":"post","2":"type-post","3":"status-publish","4":"format-standard","5":"has-post-thumbnail","7":"category-economia"},"_links":{"self":[{"href":"https:\/\/jms.com.bo\/mediamonitor\/wp-json\/wp\/v2\/posts\/5727","targetHints":{"allow":["GET"]}}],"collection":[{"href":"https:\/\/jms.com.bo\/mediamonitor\/wp-json\/wp\/v2\/posts"}],"about":[{"href":"https:\/\/jms.com.bo\/mediamonitor\/wp-json\/wp\/v2\/types\/post"}],"author":[{"embeddable":true,"href":"https:\/\/jms.com.bo\/mediamonitor\/wp-json\/wp\/v2\/users\/4"}],"replies":[{"embeddable":true,"href":"https:\/\/jms.com.bo\/mediamonitor\/wp-json\/wp\/v2\/comments?post=5727"}],"version-history":[{"count":1,"href":"https:\/\/jms.com.bo\/mediamonitor\/wp-json\/wp\/v2\/posts\/5727\/revisions"}],"predecessor-version":[{"id":5729,"href":"https:\/\/jms.com.bo\/mediamonitor\/wp-json\/wp\/v2\/posts\/5727\/revisions\/5729"}],"wp:featuredmedia":[{"embeddable":true,"href":"https:\/\/jms.com.bo\/mediamonitor\/wp-json\/wp\/v2\/media\/5728"}],"wp:attachment":[{"href":"https:\/\/jms.com.bo\/mediamonitor\/wp-json\/wp\/v2\/media?parent=5727"}],"wp:term":[{"taxonomy":"category","embeddable":true,"href":"https:\/\/jms.com.bo\/mediamonitor\/wp-json\/wp\/v2\/categories?post=5727"},{"taxonomy":"post_tag","embeddable":true,"href":"https:\/\/jms.com.bo\/mediamonitor\/wp-json\/wp\/v2\/tags?post=5727"}],"curies":[{"name":"wp","href":"https:\/\/api.w.org\/{rel}","templated":true}]}}