{"id":5747,"date":"2021-04-26T06:26:23","date_gmt":"2021-04-26T10:26:23","guid":{"rendered":"http:\/\/jms.com.bo\/mediamonitor\/?p=5747"},"modified":"2021-04-26T06:26:23","modified_gmt":"2021-04-26T10:26:23","slug":"argentina-apela-a-las-importaciones-de-gas-boliviano-y-gnl-para-abastecer-en-invierno","status":"publish","type":"post","link":"https:\/\/jms.com.bo\/mediamonitor\/2021\/04\/26\/argentina-apela-a-las-importaciones-de-gas-boliviano-y-gnl-para-abastecer-en-invierno\/","title":{"rendered":"Argentina apela a las importaciones de gas boliviano y GNL para abastecer en invierno"},"content":{"rendered":"<p>Tras una contracci\u00f3n de la producci\u00f3n nacional, Argentina conf\u00eda en las importaciones del gas boliviano y del GNL para garantizar el abastecimiento de gas natural en el mercado nacional durante la \u00e9poca invernal.<\/p>\n<p>El secretario de Energ\u00eda del gobierno argentino, Dar\u00edo Mart\u00ednez, dijo que desde el viernes ya opera la Terminal de GNL de Escobar para inyectar gas natural en funci\u00f3n a las necesidades de la demanda tras el arribo del barco regasificador Expedient.<\/p>\n<p>Mart\u00ednez agreg\u00f3 que la empresa Integraci\u00f3n Energ\u00e9tica Argentina Sociedad An\u00f3nima (Ieasa) realiza la compulsa internacional para traer un segundo barco regasificador a la terminal de Bah\u00eda Blanca luego de adjudicarse trece buques a un precio promedio de $us 7.20 el lunes pasado.<\/p>\n<p>Seg\u00fan Mart\u00ednez, esta oferta de GNL se suma a la producci\u00f3n propia y la importaci\u00f3n de gas boliviano.<\/p>\n<p>Bolivia exportar\u00e1 hasta 14 millones de metros c\u00fabicos por d\u00eda (MMm3d) para los meses de invierno acorde a la quinta adenda suscrita entre YPFB e IEASA, el 31 de diciembre de 2020.<\/p>\n<p>\u00abCon estas fuentes propias e importadas de gas a disposici\u00f3n, este invierno confiamos en superar una serie de obst\u00e1culos que se han conjugado\u00bb, dijo el secretario de Energ\u00eda.<\/p>\n<p>Mart\u00ednez afirm\u00f3 que, a la baja generaci\u00f3n hidroel\u00e9ctrica, se sum\u00f3 el declinamiento de la producci\u00f3n nacional y el conflicto social en Neuqu\u00e9n que paraliz\u00f3 los trabajos de las empresas que ven\u00edan realizando contrarreloj desde el inicio del Plan Gas.Ar para llegar al inicio de invierno con m\u00e1s oferta.<\/p>\n","protected":false},"excerpt":{"rendered":"<p>Tras una contracci\u00f3n de la producci\u00f3n nacional, Argentina conf\u00eda en las importaciones del gas boliviano y del GNL para garantizar el abastecimiento de gas natural en el mercado nacional durante la \u00e9poca invernal. El secretario de Energ\u00eda del gobierno argentino, Dar\u00edo Mart\u00ednez, dijo que desde el viernes ya opera la Terminal de GNL de Escobar [&hellip;]<\/p>\n","protected":false},"author":4,"featured_media":5748,"comment_status":"open","ping_status":"open","sticky":false,"template":"","format":"standard","meta":{"footnotes":""},"categories":[23,41],"tags":[],"class_list":{"0":"post-5747","1":"post","2":"type-post","3":"status-publish","4":"format-standard","5":"has-post-thumbnail","7":"category-hidrocarburos","8":"category-sudamerica"},"_links":{"self":[{"href":"https:\/\/jms.com.bo\/mediamonitor\/wp-json\/wp\/v2\/posts\/5747","targetHints":{"allow":["GET"]}}],"collection":[{"href":"https:\/\/jms.com.bo\/mediamonitor\/wp-json\/wp\/v2\/posts"}],"about":[{"href":"https:\/\/jms.com.bo\/mediamonitor\/wp-json\/wp\/v2\/types\/post"}],"author":[{"embeddable":true,"href":"https:\/\/jms.com.bo\/mediamonitor\/wp-json\/wp\/v2\/users\/4"}],"replies":[{"embeddable":true,"href":"https:\/\/jms.com.bo\/mediamonitor\/wp-json\/wp\/v2\/comments?post=5747"}],"version-history":[{"count":1,"href":"https:\/\/jms.com.bo\/mediamonitor\/wp-json\/wp\/v2\/posts\/5747\/revisions"}],"predecessor-version":[{"id":5749,"href":"https:\/\/jms.com.bo\/mediamonitor\/wp-json\/wp\/v2\/posts\/5747\/revisions\/5749"}],"wp:featuredmedia":[{"embeddable":true,"href":"https:\/\/jms.com.bo\/mediamonitor\/wp-json\/wp\/v2\/media\/5748"}],"wp:attachment":[{"href":"https:\/\/jms.com.bo\/mediamonitor\/wp-json\/wp\/v2\/media?parent=5747"}],"wp:term":[{"taxonomy":"category","embeddable":true,"href":"https:\/\/jms.com.bo\/mediamonitor\/wp-json\/wp\/v2\/categories?post=5747"},{"taxonomy":"post_tag","embeddable":true,"href":"https:\/\/jms.com.bo\/mediamonitor\/wp-json\/wp\/v2\/tags?post=5747"}],"curies":[{"name":"wp","href":"https:\/\/api.w.org\/{rel}","templated":true}]}}