{"id":5763,"date":"2021-04-27T05:34:34","date_gmt":"2021-04-27T09:34:34","guid":{"rendered":"http:\/\/jms.com.bo\/mediamonitor\/?p=5763"},"modified":"2021-04-27T05:34:34","modified_gmt":"2021-04-27T09:34:34","slug":"transportistas-se-dividen-y-un-grupo-mantiene-bloqueo-en-el-puente-banegas","status":"publish","type":"post","link":"https:\/\/jms.com.bo\/mediamonitor\/2021\/04\/27\/transportistas-se-dividen-y-un-grupo-mantiene-bloqueo-en-el-puente-banegas\/","title":{"rendered":"Transportistas se dividen y un grupo mantiene bloqueo en el Puente Banegas"},"content":{"rendered":"<p style=\"text-align: justify;\">Surgen fricciones entre los transportistas que instalaron un bloqueo en la ruta a la Chiquitania. Ayer un grupo desconoci\u00f3 a la dirigencia que acord\u00f3 instalar un cuarto intermedio en la protesta y levantar el bloqueo.<\/p>\n<p style=\"text-align: justify;\">Se tratan de transportistas y comunarios de las localidades de Los Troncos y El Fort\u00edn que exigen un acuerdo concreto con el Gobierno para mejorar los caminos, en especial en la zona del Puente Banegas.<\/p>\n<p style=\"text-align: justify;\">\u201cLas bases acordaron no acatar el cuarto intermedio de la Federaci\u00f3n de la Chiquitania y que no se levante el bloqueo en el puente Banegas\u201d, explic\u00f3 Yelmo Valle, dirigente transportista del lugar.<\/p>\n<p style=\"text-align: justify;\">Anoche, Armando Apaza, secretario ejecutivo de la Federaci\u00f3n de Transporte de la Gran Chiquitania anunci\u00f3 un cuarto intermedio en la protesta, despu\u00e9s que el sector de interculturales acord\u00f3 mediar entre los transportistas y el Gobierno.<\/p>\n<p style=\"text-align: justify;\">Adem\u00e1s, los interculturales se comprometieron a que el presidente, Luis Arce Catacora, atienda las demandas de este sector.<\/p>\n<p style=\"text-align: justify;\">El dirigente indic\u00f3 que no volver\u00e1n a reunirse con el Ministro de Obras P\u00fablicas, Edgar Monta\u00f1o, ni con el presidente de la Administradora Boliviana de Carreteras (ABC), Henry Nina, que calificaron de injustificada la medida del bloqueo y con los cuales no se lleg\u00f3 a ning\u00fan tipo de acuerdo.<\/p>\n<p style=\"text-align: justify;\">Esto pese que el sector expuso sus demandas ante las autoridades estatales.<\/p>\n","protected":false},"excerpt":{"rendered":"<p>Surgen fricciones entre los transportistas que instalaron un bloqueo en la ruta a la Chiquitania. Ayer un grupo desconoci\u00f3 a la dirigencia que acord\u00f3 instalar un cuarto intermedio en la protesta y levantar el bloqueo. Se tratan de transportistas y comunarios de las localidades de Los Troncos y El Fort\u00edn que exigen un acuerdo concreto [&hellip;]<\/p>\n","protected":false},"author":4,"featured_media":5764,"comment_status":"open","ping_status":"open","sticky":false,"template":"","format":"standard","meta":{"footnotes":""},"categories":[49],"tags":[],"class_list":{"0":"post-5763","1":"post","2":"type-post","3":"status-publish","4":"format-standard","5":"has-post-thumbnail","7":"category-social"},"_links":{"self":[{"href":"https:\/\/jms.com.bo\/mediamonitor\/wp-json\/wp\/v2\/posts\/5763","targetHints":{"allow":["GET"]}}],"collection":[{"href":"https:\/\/jms.com.bo\/mediamonitor\/wp-json\/wp\/v2\/posts"}],"about":[{"href":"https:\/\/jms.com.bo\/mediamonitor\/wp-json\/wp\/v2\/types\/post"}],"author":[{"embeddable":true,"href":"https:\/\/jms.com.bo\/mediamonitor\/wp-json\/wp\/v2\/users\/4"}],"replies":[{"embeddable":true,"href":"https:\/\/jms.com.bo\/mediamonitor\/wp-json\/wp\/v2\/comments?post=5763"}],"version-history":[{"count":1,"href":"https:\/\/jms.com.bo\/mediamonitor\/wp-json\/wp\/v2\/posts\/5763\/revisions"}],"predecessor-version":[{"id":5765,"href":"https:\/\/jms.com.bo\/mediamonitor\/wp-json\/wp\/v2\/posts\/5763\/revisions\/5765"}],"wp:featuredmedia":[{"embeddable":true,"href":"https:\/\/jms.com.bo\/mediamonitor\/wp-json\/wp\/v2\/media\/5764"}],"wp:attachment":[{"href":"https:\/\/jms.com.bo\/mediamonitor\/wp-json\/wp\/v2\/media?parent=5763"}],"wp:term":[{"taxonomy":"category","embeddable":true,"href":"https:\/\/jms.com.bo\/mediamonitor\/wp-json\/wp\/v2\/categories?post=5763"},{"taxonomy":"post_tag","embeddable":true,"href":"https:\/\/jms.com.bo\/mediamonitor\/wp-json\/wp\/v2\/tags?post=5763"}],"curies":[{"name":"wp","href":"https:\/\/api.w.org\/{rel}","templated":true}]}}