{"id":58215,"date":"2023-09-12T06:50:32","date_gmt":"2023-09-12T10:50:32","guid":{"rendered":"https:\/\/jms.com.bo\/mediamonitor\/2023\/09\/12\/inflacion-se-incrementa-en-agosto-por-subida-del-precio-de-alimentos\/"},"modified":"2023-09-12T06:50:32","modified_gmt":"2023-09-12T10:50:32","slug":"inflacion-se-incrementa-en-agosto-por-subida-del-precio-de-alimentos","status":"publish","type":"post","link":"https:\/\/jms.com.bo\/mediamonitor\/2023\/09\/12\/inflacion-se-incrementa-en-agosto-por-subida-del-precio-de-alimentos\/","title":{"rendered":"Inflaci\u00f3n se incrementa en agosto por subida del precio de alimentos"},"content":{"rendered":"<p style=\"text-align: justify;\">La inflaci\u00f3n en agosto registra un incremento por la subida de precios de algunos alimentos en el mercado nacional, debido principalmente al cambio clim\u00e1tico que provoc\u00f3 sequ\u00edas en algunas zonas productivas. El \u00cdndice de Precios al Consumidor (IPC) registr\u00f3 0,39% respecto a julio.<\/p>\n<p style=\"text-align: justify;\">La variaci\u00f3n acumulada al octavo mes fue positiva de 1,55%, inform\u00f3 el Instituto Nacional de Estad\u00edstica (INE) a tiempo de indicar que el incremento se explica, principalmente, por la variaci\u00f3n positiva de los precios en las divisiones de alimentos y bebidas no alcoh\u00f3licas; transporte; alimentos y bebidas consumidas fuera del hogar; bienes y servicios diversos; educaci\u00f3n; muebles, bienes y servicios dom\u00e9sticos; salud y vivienda; y servicios b\u00e1sicos.<\/p>\n<p style=\"text-align: justify;\">Por regiones, la variaci\u00f3n positiva se debi\u00f3, especialmente, al incremento de precios en las conurbaciones y ciudades capitales: Conurbaci\u00f3n La Paz 0,80%; Potos\u00ed 0,45%; Regi\u00f3n Metropolitana Kanata 0,45%; Oruro 0,41%; Trinidad 0,30%; Conurbaci\u00f3n Santa Cruz 0,06% y Sucre 0,02%.<\/p>\n<p style=\"text-align: justify;\">De acuerdo con el INE, los bienes y servicios con mayor incidencia positiva en agosto fueron cebolla, transporte en minib\u00fas, carne de pollo, papa, mandarina y bebidas gaseosas.<br \/>\nPor el contrario, los productos con mayor incidencia negativa fueron transporte interdepartamental en \u00f3mnibus\/flota, tomate, arveja verde, perfume\/colonia, quesos y huevos.<\/p>\n<p style=\"text-align: justify;\">Los datos estad\u00edsticas muestran una realidad diferente a la que las amas de casa deben enfrentar todos los d\u00edas en los mercados, pues se sorprenden con el incremento de la mayor\u00eda de productos de la canasta familiar y algunos que antes ten\u00edan un valor inferior al mercado no bajan de una franja, como el huevo, que en promedio est\u00e1 en 0,90 bolivianos.<\/p>\n","protected":false},"excerpt":{"rendered":"<p>La inflaci\u00f3n en agosto registra un incremento por la subida de precios de algunos alimentos en el mercado nacional, debido principalmente al cambio clim\u00e1tico que provoc\u00f3 sequ\u00edas en algunas zonas productivas. El \u00cdndice de Precios al Consumidor (IPC) registr\u00f3 0,39% respecto a julio. La variaci\u00f3n acumulada al octavo mes fue positiva de 1,55%, inform\u00f3 el [&hellip;]<\/p>\n","protected":false},"author":4,"featured_media":58216,"comment_status":"open","ping_status":"closed","sticky":false,"template":"","format":"standard","meta":{"footnotes":""},"categories":[52],"tags":[],"class_list":{"0":"post-58215","1":"post","2":"type-post","3":"status-publish","4":"format-standard","5":"has-post-thumbnail","7":"category-alimentos-agroindustria"},"_links":{"self":[{"href":"https:\/\/jms.com.bo\/mediamonitor\/wp-json\/wp\/v2\/posts\/58215","targetHints":{"allow":["GET"]}}],"collection":[{"href":"https:\/\/jms.com.bo\/mediamonitor\/wp-json\/wp\/v2\/posts"}],"about":[{"href":"https:\/\/jms.com.bo\/mediamonitor\/wp-json\/wp\/v2\/types\/post"}],"author":[{"embeddable":true,"href":"https:\/\/jms.com.bo\/mediamonitor\/wp-json\/wp\/v2\/users\/4"}],"replies":[{"embeddable":true,"href":"https:\/\/jms.com.bo\/mediamonitor\/wp-json\/wp\/v2\/comments?post=58215"}],"version-history":[{"count":0,"href":"https:\/\/jms.com.bo\/mediamonitor\/wp-json\/wp\/v2\/posts\/58215\/revisions"}],"wp:featuredmedia":[{"embeddable":true,"href":"https:\/\/jms.com.bo\/mediamonitor\/wp-json\/wp\/v2\/media\/58216"}],"wp:attachment":[{"href":"https:\/\/jms.com.bo\/mediamonitor\/wp-json\/wp\/v2\/media?parent=58215"}],"wp:term":[{"taxonomy":"category","embeddable":true,"href":"https:\/\/jms.com.bo\/mediamonitor\/wp-json\/wp\/v2\/categories?post=58215"},{"taxonomy":"post_tag","embeddable":true,"href":"https:\/\/jms.com.bo\/mediamonitor\/wp-json\/wp\/v2\/tags?post=58215"}],"curies":[{"name":"wp","href":"https:\/\/api.w.org\/{rel}","templated":true}]}}