{"id":58219,"date":"2023-09-12T07:02:49","date_gmt":"2023-09-12T11:02:49","guid":{"rendered":"https:\/\/jms.com.bo\/mediamonitor\/2023\/09\/12\/el-mas-ala-evista-ya-tiene-cuatro-piquetes-de-huelga-que-exigen-elecciones-judiciales\/"},"modified":"2023-09-12T07:02:49","modified_gmt":"2023-09-12T11:02:49","slug":"el-mas-ala-evista-ya-tiene-cuatro-piquetes-de-huelga-que-exigen-elecciones-judiciales","status":"publish","type":"post","link":"https:\/\/jms.com.bo\/mediamonitor\/2023\/09\/12\/el-mas-ala-evista-ya-tiene-cuatro-piquetes-de-huelga-que-exigen-elecciones-judiciales\/","title":{"rendered":"El MAS-ala &#8216;evista&#8217; ya tiene cuatro piquetes de huelga que exigen elecciones judiciales"},"content":{"rendered":"<p style=\"text-align: justify;\">Dos en la Paz y dos en Cochabamba, son los cuatro piquetes de huelga de hambre que ya instal\u00f3 el MAS en procura de obligar a sesionar a la C\u00e1mara de Diputados para que apruebe la ley corta de elecci\u00f3n judicial. Mientras en la C\u00e1mara de Diputados solo se convoc\u00f3 a sesi\u00f3n de comisiones.<\/p>\n<p style=\"text-align: justify;\">\u201cNo es posible que hasta el momento no se haya llamado a la sesi\u00f3n correspondiente en la C\u00e1mara de Diputados, es por eso que desde este momento las seis compa\u00f1eras nos declaramos en huelga de hambre hasta que se cumpla lo que estamos pidiendo, sesi\u00f3n en la C\u00e1mara de Diputados para aprobar la ley\u201d, expres\u00f3 la asamble\u00edsta departamental del MAS en Cochabamba, Nelly Pinto Melgarejo.<\/p>\n<p style=\"text-align: justify;\">Mientras que una veintena de parlamentarios del MAS en la C\u00e1mara de Diputados est\u00e1n a punto de cumplir una semana de ayuno voluntario reclamando la instalaci\u00f3n de la sesi\u00f3n que trate la ley corta, sin embargo, hasta el momento la comisi\u00f3n de Constituci\u00f3n, encabezada por el &#8216;arcista&#8217;, Juan Jos\u00e9 Jauregui, no convoc\u00f3 a ninguna sesi\u00f3n y sigue esperando las respuestas a la \u201cconsulta\u201d que mand\u00f3 a tres ministerios y tres instituciones.<\/p>\n<p style=\"text-align: justify;\">Asimismo, en La Paz, unos 10 dirigentes campesinos de la Csutcb af\u00edn a Evo Morales lleg\u00f3 hasta las oficinas de los diputados y tambi\u00e9n instalaron su piquete de huelga de hambre. El vicepresidente de este grupo masista, Humberto Claros, dijo que se est\u00e1 coordinando con otras regiones para masificar esta medida.<\/p>\n<p style=\"text-align: justify;\">\u201cMa\u00f1ana van a aparecer m\u00e1s (piquetes) todav\u00eda, afuera y en el resto de los departamentos tambi\u00e9n se est\u00e1n empezando a sumar nuestros hermanos campesinos, activistas de derechos humanos para defender nuestra democracia\u201d, lanz\u00f3 el dirigente.<\/p>\n<p style=\"text-align: justify;\">En Cochabamba, se inform\u00f3 que al margen de las asamble\u00edstas departamentales, otros cuatro diputados (afines a Evo Morales) y sectores sociales instalaron otro piquete en instalaciones de la Brigada Parlamentaria en apoyo a sus colegas de La Paz.<\/p>\n<p style=\"text-align: justify;\">Esta ma\u00f1ana cuatro de los diputados que est\u00e1n en huelga en el hall de la C\u00e1mara de Diputados se tapiaron simb\u00f3licamente, pues solo se hizo con cartones. Paralelamente los oficialistas, tambi\u00e9n recibieron la \u201cvisita\u201d del presidente de DDHH masista, \u00c9dgar Salazar, quien dijo que verificar\u00eda la situaci\u00f3n de los diputados que decidieron tapiarse.<\/p>\n<p style=\"text-align: justify;\">De ese modo el masismo empieza a movilizar a sus militantes para obligar a la Asamblea a aprobar la ley corta de elecci\u00f3n de magistrados del \u00d3rgano Judicial y as\u00ed obtener un r\u00e9dito pol\u00edtico.<\/p>\n","protected":false},"excerpt":{"rendered":"<p>Dos en la Paz y dos en Cochabamba, son los cuatro piquetes de huelga de hambre que ya instal\u00f3 el MAS en procura de obligar a sesionar a la C\u00e1mara de Diputados para que apruebe la ley corta de elecci\u00f3n judicial. Mientras en la C\u00e1mara de Diputados solo se convoc\u00f3 a sesi\u00f3n de comisiones. \u201cNo [&hellip;]<\/p>\n","protected":false},"author":4,"featured_media":58220,"comment_status":"open","ping_status":"closed","sticky":false,"template":"","format":"standard","meta":{"footnotes":""},"categories":[49],"tags":[],"class_list":{"0":"post-58219","1":"post","2":"type-post","3":"status-publish","4":"format-standard","5":"has-post-thumbnail","7":"category-social"},"_links":{"self":[{"href":"https:\/\/jms.com.bo\/mediamonitor\/wp-json\/wp\/v2\/posts\/58219","targetHints":{"allow":["GET"]}}],"collection":[{"href":"https:\/\/jms.com.bo\/mediamonitor\/wp-json\/wp\/v2\/posts"}],"about":[{"href":"https:\/\/jms.com.bo\/mediamonitor\/wp-json\/wp\/v2\/types\/post"}],"author":[{"embeddable":true,"href":"https:\/\/jms.com.bo\/mediamonitor\/wp-json\/wp\/v2\/users\/4"}],"replies":[{"embeddable":true,"href":"https:\/\/jms.com.bo\/mediamonitor\/wp-json\/wp\/v2\/comments?post=58219"}],"version-history":[{"count":0,"href":"https:\/\/jms.com.bo\/mediamonitor\/wp-json\/wp\/v2\/posts\/58219\/revisions"}],"wp:featuredmedia":[{"embeddable":true,"href":"https:\/\/jms.com.bo\/mediamonitor\/wp-json\/wp\/v2\/media\/58220"}],"wp:attachment":[{"href":"https:\/\/jms.com.bo\/mediamonitor\/wp-json\/wp\/v2\/media?parent=58219"}],"wp:term":[{"taxonomy":"category","embeddable":true,"href":"https:\/\/jms.com.bo\/mediamonitor\/wp-json\/wp\/v2\/categories?post=58219"},{"taxonomy":"post_tag","embeddable":true,"href":"https:\/\/jms.com.bo\/mediamonitor\/wp-json\/wp\/v2\/tags?post=58219"}],"curies":[{"name":"wp","href":"https:\/\/api.w.org\/{rel}","templated":true}]}}