{"id":58241,"date":"2023-09-13T08:44:35","date_gmt":"2023-09-13T12:44:35","guid":{"rendered":"https:\/\/jms.com.bo\/mediamonitor\/2023\/09\/12\/gobierno-entrega-contratos-mineros-a-nueve-cooperativas-crucenas\/"},"modified":"2023-09-13T08:44:46","modified_gmt":"2023-09-13T12:44:46","slug":"gobierno-entrega-contratos-mineros-a-nueve-cooperativas-crucenas-2","status":"publish","type":"post","link":"https:\/\/jms.com.bo\/mediamonitor\/2023\/09\/13\/gobierno-entrega-contratos-mineros-a-nueve-cooperativas-crucenas-2\/","title":{"rendered":"Gobierno entrega contratos mineros a nueve cooperativas cruce\u00f1as"},"content":{"rendered":"<p style=\"text-align: justify;\">El Gobierno, mediante el Ministerio de Miner\u00eda y Metalurgia y la Corporaci\u00f3n Minera de Bolivia (Comibol), entreg\u00f3 contratos cooperativos mineros a nueve afiliadas de la Federaci\u00f3n Departamental de Cooperativas Mineras de San Ram\u00f3n, departamento de Santa Cruz.<\/p>\n<p style=\"text-align: justify;\">Los primeros estudios indican que en la zona hay indicios de yacimientos de oro y plata que a\u00fan se deben confirmar y analizar su potencial comercial.<\/p>\n<p style=\"text-align: justify;\">El acto se realiz\u00f3 en el municipio de San Ram\u00f3n y cont\u00f3 con la presencia del alcalde de esta regi\u00f3n, Germ\u00e1n S\u00e1nchez, cooperativas beneficiadas y organizaciones sociales.<\/p>\n<p style=\"text-align: justify;\">En la oportunidad, el ministro de Miner\u00eda y Metalurgia, Marcelino Quispe, indic\u00f3 que es obligaci\u00f3n del Estado apoyar a este sector generador de fuentes de empleo.<\/p>\n<p style=\"text-align: justify;\">\u00abEstamos cumpliendo el trabajo delineado por el presidente Luis Arce y el vicepresidente, David Choquehuanca de generar fuentes de empleo junto a la actividad de Comibol\u00bb, preciso el ministro.<\/p>\n<p style=\"text-align: justify;\">Por su parte, el presidente de la Corporaci\u00f3n Minera de Bolivia (Comibol), Reynaldo Pardo, dijo que el cumplimiento de los contratos mineros con cooperativistas se concreta por mandato expreso del Gobierno para garantizar ingresos econ\u00f3micos para las familias de los trabajadores.<\/p>\n","protected":false},"excerpt":{"rendered":"<p>El Gobierno, mediante el Ministerio de Miner\u00eda y Metalurgia y la Corporaci\u00f3n Minera de Bolivia (Comibol), entreg\u00f3 contratos cooperativos mineros a nueve afiliadas de la Federaci\u00f3n Departamental de Cooperativas Mineras de San Ram\u00f3n, departamento de Santa Cruz. Los primeros estudios indican que en la zona hay indicios de yacimientos de oro y plata que a\u00fan [&hellip;]<\/p>\n","protected":false},"author":4,"featured_media":58373,"comment_status":"open","ping_status":"closed","sticky":false,"template":"","format":"standard","meta":{"footnotes":""},"categories":[25],"tags":[],"class_list":{"0":"post-58241","1":"post","2":"type-post","3":"status-publish","4":"format-standard","5":"has-post-thumbnail","7":"category-economia"},"_links":{"self":[{"href":"https:\/\/jms.com.bo\/mediamonitor\/wp-json\/wp\/v2\/posts\/58241","targetHints":{"allow":["GET"]}}],"collection":[{"href":"https:\/\/jms.com.bo\/mediamonitor\/wp-json\/wp\/v2\/posts"}],"about":[{"href":"https:\/\/jms.com.bo\/mediamonitor\/wp-json\/wp\/v2\/types\/post"}],"author":[{"embeddable":true,"href":"https:\/\/jms.com.bo\/mediamonitor\/wp-json\/wp\/v2\/users\/4"}],"replies":[{"embeddable":true,"href":"https:\/\/jms.com.bo\/mediamonitor\/wp-json\/wp\/v2\/comments?post=58241"}],"version-history":[{"count":1,"href":"https:\/\/jms.com.bo\/mediamonitor\/wp-json\/wp\/v2\/posts\/58241\/revisions"}],"predecessor-version":[{"id":58372,"href":"https:\/\/jms.com.bo\/mediamonitor\/wp-json\/wp\/v2\/posts\/58241\/revisions\/58372"}],"wp:featuredmedia":[{"embeddable":true,"href":"https:\/\/jms.com.bo\/mediamonitor\/wp-json\/wp\/v2\/media\/58373"}],"wp:attachment":[{"href":"https:\/\/jms.com.bo\/mediamonitor\/wp-json\/wp\/v2\/media?parent=58241"}],"wp:term":[{"taxonomy":"category","embeddable":true,"href":"https:\/\/jms.com.bo\/mediamonitor\/wp-json\/wp\/v2\/categories?post=58241"},{"taxonomy":"post_tag","embeddable":true,"href":"https:\/\/jms.com.bo\/mediamonitor\/wp-json\/wp\/v2\/tags?post=58241"}],"curies":[{"name":"wp","href":"https:\/\/api.w.org\/{rel}","templated":true}]}}