{"id":58248,"date":"2023-09-12T07:34:19","date_gmt":"2023-09-12T11:34:19","guid":{"rendered":"https:\/\/jms.com.bo\/mediamonitor\/2023\/09\/12\/grenergy-y-enel-generacion-peru-firman-un-ppa-para-la-planta-solar-matarani-de-97-mw\/"},"modified":"2023-09-12T07:34:19","modified_gmt":"2023-09-12T11:34:19","slug":"grenergy-y-enel-generacion-peru-firman-un-ppa-para-la-planta-solar-matarani-de-97-mw","status":"publish","type":"post","link":"https:\/\/jms.com.bo\/mediamonitor\/2023\/09\/12\/grenergy-y-enel-generacion-peru-firman-un-ppa-para-la-planta-solar-matarani-de-97-mw\/","title":{"rendered":"Grenergy y Enel Generaci\u00f3n Per\u00fa firman un PPA para la planta solar Matarani, de 97 MW"},"content":{"rendered":"<p style=\"text-align: justify;\">El promotor espa\u00f1ol de energ\u00edas renovables y productor independiente de energ\u00eda (IPP) Grenergy Renovables y Enel Generaci\u00f3n Per\u00fa han anunciado la firma de un contrato de venta a largo plazo (PPA, por sus siglas en ingl\u00e9s) para el suministro de energ\u00eda procedente del parque solar Matarani, de 97 MW, en construcci\u00f3n en el departamento de Arequipa.<\/p>\n<p style=\"text-align: justify;\">Seg\u00fan se explica, se trata de un acuerdo que involucra un total de 2,7 TWh a entregar durante un periodo de 15 a\u00f1os. Cuando entre en funcionamiento en 2024, Matarani -que est\u00e1 localizada en el desierto de Mollendo, una de las regiones con mayor radiaci\u00f3n solar del mundo- ser\u00e1 la tercera instalaci\u00f3n renovable, entre solar y e\u00f3lica, m\u00e1s grande de Per\u00fa.<\/p>\n<p style=\"text-align: justify;\">Se estima que una vez en marcha, la planta abastezca el sistema nacional con una capacidad de producci\u00f3n anual de 260 GWh.<\/p>\n<p style=\"text-align: justify;\">Matarani obtuvo la aprobaci\u00f3n de sus estudios ambientales en 2022.<\/p>\n<p style=\"text-align: justify;\">Grenergy alega tener presencia en Per\u00fa desde 2014, en donde afirma contar con una plataforma de cerca de 1 GW. Tambi\u00e9n se asegura que la compa\u00f1\u00eda cuenta en la actualidad con un total de 1,6 GW de potencia contratada a largo plazo y negocia otros 1,5 GW en distintos mercados.<\/p>\n<p style=\"text-align: justify;\">A nivel global, la empresa con sede en Madrid asegura contar con una plataforma de m\u00e1s de 14 GW en varias etapas de desarrollo en los once pa\u00edses donde opera en el mercado europeo (Espa\u00f1a, Italia, Alemania, Polonia y Reino Unido), norteamericano (Estados Unidos) y latinoamericano (Chile, Per\u00fa, M\u00e9xico, Argentina y Colombia).<\/p>\n<p style=\"text-align: justify;\">Por su parte, en agosto pasado se anunci\u00f3 la fusi\u00f3n por absorci\u00f3n de Enel Generaci\u00f3n Per\u00fa con Enel Green Power Per\u00fa, Empresa de Generaci\u00f3n El\u00e9ctrica Marcona y Empresa de Generaci\u00f3n El\u00e9ctrica Los Pinos, con lo que pasa a tener una capacidad instalada de 1.839 MW, entre hidroel\u00e9ctrica, t\u00e9rmica a gas, solar y e\u00f3lica.<\/p>\n<p style=\"text-align: justify;\">Entre sus proyectos en construcci\u00f3n, destaca la planta solar Clemes\u00ed, de 122,59 MW, con una inversi\u00f3n de 77,9 millones de d\u00f3lares, en el departamento de Moquegua, que significar\u00e1 la instalaci\u00f3n de m\u00e1s de 200 mil paneles bifaciales.<\/p>\n","protected":false},"excerpt":{"rendered":"<p>El promotor espa\u00f1ol de energ\u00edas renovables y productor independiente de energ\u00eda (IPP) Grenergy Renovables y Enel Generaci\u00f3n Per\u00fa han anunciado la firma de un contrato de venta a largo plazo (PPA, por sus siglas en ingl\u00e9s) para el suministro de energ\u00eda procedente del parque solar Matarani, de 97 MW, en construcci\u00f3n en el departamento de [&hellip;]<\/p>\n","protected":false},"author":4,"featured_media":58249,"comment_status":"open","ping_status":"closed","sticky":false,"template":"","format":"standard","meta":{"footnotes":""},"categories":[39],"tags":[],"class_list":{"0":"post-58248","1":"post","2":"type-post","3":"status-publish","4":"format-standard","5":"has-post-thumbnail","7":"category-energia"},"_links":{"self":[{"href":"https:\/\/jms.com.bo\/mediamonitor\/wp-json\/wp\/v2\/posts\/58248","targetHints":{"allow":["GET"]}}],"collection":[{"href":"https:\/\/jms.com.bo\/mediamonitor\/wp-json\/wp\/v2\/posts"}],"about":[{"href":"https:\/\/jms.com.bo\/mediamonitor\/wp-json\/wp\/v2\/types\/post"}],"author":[{"embeddable":true,"href":"https:\/\/jms.com.bo\/mediamonitor\/wp-json\/wp\/v2\/users\/4"}],"replies":[{"embeddable":true,"href":"https:\/\/jms.com.bo\/mediamonitor\/wp-json\/wp\/v2\/comments?post=58248"}],"version-history":[{"count":0,"href":"https:\/\/jms.com.bo\/mediamonitor\/wp-json\/wp\/v2\/posts\/58248\/revisions"}],"wp:featuredmedia":[{"embeddable":true,"href":"https:\/\/jms.com.bo\/mediamonitor\/wp-json\/wp\/v2\/media\/58249"}],"wp:attachment":[{"href":"https:\/\/jms.com.bo\/mediamonitor\/wp-json\/wp\/v2\/media?parent=58248"}],"wp:term":[{"taxonomy":"category","embeddable":true,"href":"https:\/\/jms.com.bo\/mediamonitor\/wp-json\/wp\/v2\/categories?post=58248"},{"taxonomy":"post_tag","embeddable":true,"href":"https:\/\/jms.com.bo\/mediamonitor\/wp-json\/wp\/v2\/tags?post=58248"}],"curies":[{"name":"wp","href":"https:\/\/api.w.org\/{rel}","templated":true}]}}