{"id":5827,"date":"2021-04-27T00:00:00","date_gmt":"2021-04-27T04:00:00","guid":{"rendered":"https:\/\/jms.com.bo\/mediamonitor\/2021\/04\/27\/5772\/"},"modified":"2021-04-27T00:00:00","modified_gmt":"2021-04-27T04:00:00","slug":"5772","status":"publish","type":"post","link":"https:\/\/jms.com.bo\/mediamonitor\/2021\/04\/27\/5772\/","title":{"rendered":"5772"},"content":{"rendered":"<p style=\"text-align: justify;\">El Gobierno de Bolivia inici\u00f3 este lunes sendas reuniones con organismos internacionales para poner en marcha su iniciativa para que se liberen las patentes de las vacunas contra la Covid-19 y prev\u00e9 la realizaci\u00f3n de un foro al m\u00e1s alto nivel para definir este tema.<\/p>\n<p style=\"text-align: justify;\">El canciller boliviano, Rogelio Mayta, y el vicecanciller, Freddy Mamani, se reunieron con la representante Residente del Programa de Naciones Unidas para el Desarrollo (Pnud) en Bolivia, Luciana Mermet, y con directivos del South Centre.<\/p>\n<p style=\"text-align: justify;\">En el encuentro se abordaron los puntos para concretar la iniciativa del Gobierno de Luis Arce a nivel internacional y la realizaci\u00f3n de un foro internacional al m\u00e1s alto nivel.<\/p>\n<p style=\"text-align: justify;\">La Canciller\u00eda se\u00f1al\u00f3 en un comunicado que se expuso \u00abcu\u00e1l ser\u00eda el sentido de una campa\u00f1a internacional en favor de la liberaci\u00f3n de las patentes, como forma de terminar con esa inequidad\u00bb.<\/p>\n<p style=\"text-align: justify;\">El Gobierno boliviano present\u00f3 a principios de este mes su iniciativa internacional que apunta sobre todo a que se liberen las patentes de vacunas y medicamentos contra la covid-19 y que las acciones mundiales contra la enfermedad sean efectivas.<\/p>\n<p style=\"text-align: justify;\">\u00abAnte una situaci\u00f3n de grave emergencia de la humanidad nosotros planteamos que debe superarse cualquier obst\u00e1culo y debemos liberar las patentes para que se pueda fabricar vacunas en todas partes del mundo\u00bb, sostuvo Mayta en ese momento.<\/p>\n<p style=\"text-align: justify;\">En otra reuni\u00f3n tambi\u00e9n este lunes, el canciller Mayta le solicit\u00f3 a la Organizaci\u00f3n Mundial del Comercio (OMC) \u00abacciones concretas para el efectivo acceso a medicamentos, insumos y vacunas anticovid, mediante liberaci\u00f3n de patentes o mecanismos conjuntos que simplifiquen el uso de licencias obligatorias\u00bb.<\/p>\n<p style=\"text-align: justify;\">La directora general de la OMC, Okonjo-Iweala, consider\u00f3 que es necesaria una enmienda en el sistema de comercio mundial que permita mejorar el acceso a medicamentos, insumos y vacunas, seg\u00fan un comunicado de la Canciller\u00eda sobre el encuentro virtual.<\/p>\n<p style=\"text-align: justify;\">En la nota oficial se reitera el compromiso y el apoyo del Gobierno de Arce a \u00abla propuesta de India y de Sud\u00e1frica ante la OMC para que se suspenda temporalmente los derechos de propiedad intelectual sobre tecnolog\u00edas, medicamentos y vacunas contra la covid-19\u00bb.Con la campa\u00f1a boliviana tambi\u00e9n se busca que los pa\u00edses ricos entreguen las vacunas que tengan de m\u00e1s a las naciones m\u00e1s necesitadas.<\/p>\n<p style=\"text-align: justify;\">Est\u00e1 previsto que el Gobierno boliviano, el Pnud y el South sostengan una nueva reuni\u00f3n a la que se sumar\u00eda el Ministerio de Salud de Argentina.<\/p>\n<p style=\"text-align: justify;\">Vacunaci\u00f3n masiva<\/p>\n<p style=\"text-align: justify;\">El ministro de Salud y Deportes de Bolivia, Jeyson Auza, dijo este lunes que el pa\u00eds \u00abest\u00e1 en puertas de iniciar la campa\u00f1a m\u00e1s grande de vacunaci\u00f3n masiva de su historia\u00bb.<\/p>\n<p style=\"text-align: justify;\">\u00abEste es un momento hist\u00f3rico, estamos en puertas de iniciar la campa\u00f1a m\u00e1s grande de vacunaci\u00f3n de la historia de Bolivia. Debemos elevar de la planificaci\u00f3n a la ejecuci\u00f3n con el prop\u00f3sito de identificar falencias (&#8230;) esta pandemia nos ha mostrado muchas falencias del sistema de salud, tambi\u00e9n nos ha permitido mostrar nuestras fortalezas\u00bb, afirm\u00f3.<\/p>\n<p style=\"text-align: justify;\">Auza se reuni\u00f3 con representantes del sector salud, de seguridad social y de los Servicios Departamentales de Salud (Sedes) para definir las nuevas directrices del Plan Nacional de Vacunaci\u00f3n.<\/p>\n<p style=\"text-align: justify;\">El plan gubernamental para la inmunizaci\u00f3n masiva se ha visto afectado por una insuficiencia de vacunas, que inicialmente fue negada por el Gobierno y que luego responsabiliz\u00f3 al \u00abcapitalismo\u00bb y los \u00abpa\u00edses ricos\u00bb por la falta de las dosis.<\/p>\n<p style=\"text-align: justify;\">La vacunaci\u00f3n contra la enfermedad se inici\u00f3 a finales de enero con el personal de la salud de primera l\u00ednea, en febrero se ampli\u00f3 a las personas con enfermedades renales y c\u00e1ncer y a principios de abril comenz\u00f3 de forma generalizada con los mayores de 60 a\u00f1os.<\/p>\n<p style=\"text-align: justify;\">Hasta el momento se han aplicado 660.610 vacunas contra la covid-19, entre la primera y segunda dosis de la rusa Sputnik V, la china Sinopharm y AstraZeneca-Oxford, seg\u00fan el reporte oficial, 469.586 trabajadores de la salud y personas adultas mayores y con enfermedades de base recibieron la primera dosis y 191.024 la segunda.<\/p>\n<p style=\"text-align: justify;\">El Gobierno boliviano firm\u00f3 contratos para adquirir 5,2 millones de dosis de Sputnik V y otros 5 millones de AstraZeneca-Oxford a trav\u00e9s de Serum.<\/p>\n<p style=\"text-align: justify;\">Bolivia acumula m\u00e1s de 12.800 muertes y 297.659 contagios de la covid-19 desde los primeros casos detectados en marzo de 2020.<\/p>\n","protected":false},"excerpt":{"rendered":"<p>El Gobierno de Bolivia inici\u00f3 este lunes sendas reuniones con organismos internacionales para poner en marcha su iniciativa para que se liberen las patentes de las vacunas contra la Covid-19 y prev\u00e9 la realizaci\u00f3n de un foro al m\u00e1s alto nivel para definir este tema. El canciller boliviano, Rogelio Mayta, y el vicecanciller, Freddy Mamani, [&hellip;]<\/p>\n","protected":false},"author":1,"featured_media":2414,"comment_status":"closed","ping_status":"open","sticky":false,"template":"","format":"standard","meta":{"footnotes":""},"categories":[1],"tags":[],"class_list":{"0":"post-5827","1":"post","2":"type-post","3":"status-publish","4":"format-standard","5":"has-post-thumbnail","7":"category-uncategorized"},"_links":{"self":[{"href":"https:\/\/jms.com.bo\/mediamonitor\/wp-json\/wp\/v2\/posts\/5827","targetHints":{"allow":["GET"]}}],"collection":[{"href":"https:\/\/jms.com.bo\/mediamonitor\/wp-json\/wp\/v2\/posts"}],"about":[{"href":"https:\/\/jms.com.bo\/mediamonitor\/wp-json\/wp\/v2\/types\/post"}],"author":[{"embeddable":true,"href":"https:\/\/jms.com.bo\/mediamonitor\/wp-json\/wp\/v2\/users\/1"}],"replies":[{"embeddable":true,"href":"https:\/\/jms.com.bo\/mediamonitor\/wp-json\/wp\/v2\/comments?post=5827"}],"version-history":[{"count":0,"href":"https:\/\/jms.com.bo\/mediamonitor\/wp-json\/wp\/v2\/posts\/5827\/revisions"}],"wp:featuredmedia":[{"embeddable":true,"href":"https:\/\/jms.com.bo\/mediamonitor\/wp-json\/wp\/v2\/media\/2414"}],"wp:attachment":[{"href":"https:\/\/jms.com.bo\/mediamonitor\/wp-json\/wp\/v2\/media?parent=5827"}],"wp:term":[{"taxonomy":"category","embeddable":true,"href":"https:\/\/jms.com.bo\/mediamonitor\/wp-json\/wp\/v2\/categories?post=5827"},{"taxonomy":"post_tag","embeddable":true,"href":"https:\/\/jms.com.bo\/mediamonitor\/wp-json\/wp\/v2\/tags?post=5827"}],"curies":[{"name":"wp","href":"https:\/\/api.w.org\/{rel}","templated":true}]}}