{"id":5829,"date":"2021-04-27T00:00:00","date_gmt":"2021-04-27T04:00:00","guid":{"rendered":"https:\/\/jms.com.bo\/mediamonitor\/2021\/04\/27\/5778\/"},"modified":"2021-04-27T00:00:00","modified_gmt":"2021-04-27T04:00:00","slug":"5778","status":"publish","type":"post","link":"https:\/\/jms.com.bo\/mediamonitor\/2021\/04\/27\/5778\/","title":{"rendered":"5778"},"content":{"rendered":"<p style=\"text-align: justify;\">El presidente del Senado, Andr\u00f3nico Rodr\u00edguez, presentar\u00e1 en los pr\u00f3ximos d\u00edas una denuncia penal en contra de la expresidenta Jeanine \u00c1\u00f1ez, esta vez por usurpaci\u00f3n de funciones, porque de acuerdo con su explicaci\u00f3n, la exmandataria solo pod\u00eda convocar a una sesi\u00f3n y reconformar la directiva de ese cuerpo legislativo.<\/p>\n<p style=\"text-align: justify;\">\u201c(Queremos saber) en qu\u00e9 situaci\u00f3n la senadora (Jeanine A\u00f1ez) asumi\u00f3 como presidenta del Senado (en 2019). Ni la Constituci\u00f3n Pol\u00edtica del Estado, ni el reglamento de la C\u00e1mara de Senadores lo permiten. De acuerdo con el reglamento general de senadores, al bloque mayoritario le corresponde la presidencia del Senado, en este caso la se\u00f1ora \u00c1\u00f1ez se declar\u00f3 presidenta del Senado y se autoproclam\u00f3 como presidenta del Estado\u201d, explic\u00f3 Rodr\u00edguez a los medios.<\/p>\n<p style=\"text-align: justify;\">El 10 de noviembre de 2019 luego de conocerse la renuncia de Evo Morales, la exmandataria tuvo un breve contacto con los medios de comunicaci\u00f3n y dijo que al d\u00eda siguiente estar\u00eda en La Paz para asumir la presidencia del Estado en la l\u00ednea de sucesi\u00f3n constitucional. El 12 de noviembre ya era presidenta del Estado.<\/p>\n<p style=\"text-align: justify;\">De acuerdo con la explicaci\u00f3n de Rodr\u00edguez, la \u00fanica labor que deb\u00eda cumplir \u00c1\u00f1ez era la de convocar a sesi\u00f3n del Senado y reconformar la directiva, lo que deb\u00eda recaer en un senador del MAS. \u201cEntonces \u00bfcu\u00e1l ha sido su interpretaci\u00f3n jur\u00eddica para declararse presidenta del Senado cuando no le correspond\u00eda de ninguna manera y despu\u00e9s presidente de la Asamblea, y posterior Presidenta del Estado?\u201d, interrog\u00f3.<\/p>\n<p style=\"text-align: justify;\">La intenci\u00f3n, dijo, es sentar un precedente para que no vuelva a repetirse ese episodio, dijo Rodr\u00edguez. Subray\u00f3 que el inciso II del art\u00edculo 35 del reglamento de debates del Senado se\u00f1ala que la presidencia le corresponde a la mayor\u00eda.<\/p>\n<p style=\"text-align: justify;\">\u201cPara asegurar la participaci\u00f3n y pluralidad pol\u00edtica de la C\u00e1mara, la Presidencia, Primera Vicepresidencia, Primera y Tercera Secretar\u00eda corresponder\u00e1n al bloque de mayor\u00eda; y la Segunda Vicepresidencia y la Segunda Secretar\u00eda al bloque de minor\u00eda\u201d, se\u00f1ala el precepto.<\/p>\n<p style=\"text-align: justify;\">El MAS considera que \u00c1\u00f1ez, varios de sus asesores y otros que la proclamaron ser\u00e1n investigados y pueden ser eventualmente acusados.<\/p>\n","protected":false},"excerpt":{"rendered":"<p>El presidente del Senado, Andr\u00f3nico Rodr\u00edguez, presentar\u00e1 en los pr\u00f3ximos d\u00edas una denuncia penal en contra de la expresidenta Jeanine \u00c1\u00f1ez, esta vez por usurpaci\u00f3n de funciones, porque de acuerdo con su explicaci\u00f3n, la exmandataria solo pod\u00eda convocar a una sesi\u00f3n y reconformar la directiva de ese cuerpo legislativo. \u201c(Queremos saber) en qu\u00e9 situaci\u00f3n la [&hellip;]<\/p>\n","protected":false},"author":1,"featured_media":5779,"comment_status":"closed","ping_status":"open","sticky":false,"template":"","format":"standard","meta":{"footnotes":""},"categories":[1],"tags":[],"class_list":{"0":"post-5829","1":"post","2":"type-post","3":"status-publish","4":"format-standard","5":"has-post-thumbnail","7":"category-uncategorized"},"_links":{"self":[{"href":"https:\/\/jms.com.bo\/mediamonitor\/wp-json\/wp\/v2\/posts\/5829","targetHints":{"allow":["GET"]}}],"collection":[{"href":"https:\/\/jms.com.bo\/mediamonitor\/wp-json\/wp\/v2\/posts"}],"about":[{"href":"https:\/\/jms.com.bo\/mediamonitor\/wp-json\/wp\/v2\/types\/post"}],"author":[{"embeddable":true,"href":"https:\/\/jms.com.bo\/mediamonitor\/wp-json\/wp\/v2\/users\/1"}],"replies":[{"embeddable":true,"href":"https:\/\/jms.com.bo\/mediamonitor\/wp-json\/wp\/v2\/comments?post=5829"}],"version-history":[{"count":0,"href":"https:\/\/jms.com.bo\/mediamonitor\/wp-json\/wp\/v2\/posts\/5829\/revisions"}],"wp:featuredmedia":[{"embeddable":true,"href":"https:\/\/jms.com.bo\/mediamonitor\/wp-json\/wp\/v2\/media\/5779"}],"wp:attachment":[{"href":"https:\/\/jms.com.bo\/mediamonitor\/wp-json\/wp\/v2\/media?parent=5829"}],"wp:term":[{"taxonomy":"category","embeddable":true,"href":"https:\/\/jms.com.bo\/mediamonitor\/wp-json\/wp\/v2\/categories?post=5829"},{"taxonomy":"post_tag","embeddable":true,"href":"https:\/\/jms.com.bo\/mediamonitor\/wp-json\/wp\/v2\/tags?post=5829"}],"curies":[{"name":"wp","href":"https:\/\/api.w.org\/{rel}","templated":true}]}}