{"id":5830,"date":"2021-04-27T00:00:00","date_gmt":"2021-04-27T04:00:00","guid":{"rendered":"https:\/\/jms.com.bo\/mediamonitor\/2021\/04\/27\/5781\/"},"modified":"2021-04-27T00:00:00","modified_gmt":"2021-04-27T04:00:00","slug":"5781","status":"publish","type":"post","link":"https:\/\/jms.com.bo\/mediamonitor\/2021\/04\/27\/5781\/","title":{"rendered":"5781"},"content":{"rendered":"<p style=\"text-align: justify;\">El presidente de la C\u00e1mara de Diputados, Freddy Mamani, manifest\u00f3 que se analiza llevar a la Comisi\u00f3n de \u00c9tica el caso de los parlamentarios opositores que viajaron a Washington a denunciar ante organismos internacionales \u00abviolaciones de derechos humanos\u00bb.<\/p>\n<p style=\"text-align: justify;\">Mamani se\u00f1al\u00f3 que en funci\u00f3n del informe que realicen los parlamentarios que viajaron se analizar\u00e1 si \u00abcorresponde pasar el caso a la Comisi\u00f3n de \u00c9tica\u00bb.<\/p>\n<p style=\"text-align: justify;\">El presidente de la C\u00e1mara manifest\u00f3 a los medios que diputados oficialistas y algunas organizaciones sociales pidieron que la docena de parlamentarios opositores que viajaron realice un informe de las razones de su viaje.<\/p>\n<p style=\"text-align: justify;\">Adem\u00e1s le cuestionaron por qu\u00e9 les autorizaron el viaje a Washington para reunirse con representantes de la Organizaci\u00f3n de Estados Americanos (OEA) y la Comisi\u00f3n Interamericana de Derechos Humanos (CIDH).<\/p>\n<p style=\"text-align: justify;\">\u00abDebo indicar al pueblo boliviano de que la C\u00e1mara de Diputados, la presidencia de la C\u00e1mara no ha autorizado ni un viaje hasta el momento al exterior\u00bb, indic\u00f3 Mamani a los medios.<\/p>\n<p style=\"text-align: justify;\">Sostuvo que no hubo ninguna solicitud \u00abpara su consideraci\u00f3n\u00bb y que se desconoce si los parlamentarios opositores fueron invitados.<\/p>\n<p style=\"text-align: justify;\">Los parlamentarios de las fuerzas opositoras Comunidad Ciudadana (CC) y Creemos viajaron la pasada semana a Estados Unidos para denunciar la \u00abvulneraci\u00f3n al orden democr\u00e1tico\u00bb por parte del Gobierno del presidente Luis Arce.<\/p>\n<p style=\"text-align: justify;\">En su viaje a Washington, los opositores advirtieron de la situaci\u00f3n de Bolivia bajo el Gobierno de Luis Arce, del partido Movimiento al Socialismo (MAS), y las medidas contra opositores, polic\u00edas y militares por la crisis de 2019, tras la renuncia de Evo Morales a la Presidencia.<\/p>\n<p style=\"text-align: justify;\">El Ejecutivo de Arce est\u00e1, adem\u00e1s, enfrascado en una disputa con el titular de la OEA, Luis Almagro, a quien responsabiliza de la salida del poder de Evo Morales en 2019, que para el oficialismo fue producto de un \u00abgolpe de Estado\u00bb.<\/p>\n<p style=\"text-align: justify;\">Por su parte, el Consejo Nacional de Ayllus y Markas del Qullasuyu (Conamaq), una organizaci\u00f3n de pueblos ind\u00edgenas af\u00edn al MAS, decidi\u00f3 declarar \u00abpersonas no gratas\u00bb a los parlamentarios que viajaron a Estados Unidos.<\/p>\n<p style=\"text-align: justify;\">La senadora de la fuerza opositora Creemos Centa Rek, una de las que viaj\u00f3, indic\u00f3 que, en las reuniones, varios organismos internacionales como la OEA y la CIDH dijeron estar \u00abpreocupad\u00edsimos por la situaci\u00f3n de Bolivia\u00bb y a\u00f1adi\u00f3 que cumplieron una agenda amplia importante para el pa\u00eds.<\/p>\n<p style=\"text-align: justify;\">\u00abSobre todo en el sentido de equilibrar el derecho que tenemos todos los bolivianos a tener una opci\u00f3n de pensamiento libre\u00bb, manifest\u00f3 Rek seg\u00fan una nota de prensa.<\/p>\n<p style=\"text-align: justify;\">Sobre la posibilidad de llevar el caso a la Comisi\u00f3n de \u00c9tica Rek indic\u00f3 que los parlamentarios no fueron representando al Gobierno y que fueron claros al expresar que es un grupo bipartidario por lo que no necesitan permiso.<\/p>\n","protected":false},"excerpt":{"rendered":"<p>El presidente de la C\u00e1mara de Diputados, Freddy Mamani, manifest\u00f3 que se analiza llevar a la Comisi\u00f3n de \u00c9tica el caso de los parlamentarios opositores que viajaron a Washington a denunciar ante organismos internacionales \u00abviolaciones de derechos humanos\u00bb. Mamani se\u00f1al\u00f3 que en funci\u00f3n del informe que realicen los parlamentarios que viajaron se analizar\u00e1 si \u00abcorresponde [&hellip;]<\/p>\n","protected":false},"author":1,"featured_media":5782,"comment_status":"closed","ping_status":"open","sticky":false,"template":"","format":"standard","meta":{"footnotes":""},"categories":[1],"tags":[],"class_list":{"0":"post-5830","1":"post","2":"type-post","3":"status-publish","4":"format-standard","5":"has-post-thumbnail","7":"category-uncategorized"},"_links":{"self":[{"href":"https:\/\/jms.com.bo\/mediamonitor\/wp-json\/wp\/v2\/posts\/5830","targetHints":{"allow":["GET"]}}],"collection":[{"href":"https:\/\/jms.com.bo\/mediamonitor\/wp-json\/wp\/v2\/posts"}],"about":[{"href":"https:\/\/jms.com.bo\/mediamonitor\/wp-json\/wp\/v2\/types\/post"}],"author":[{"embeddable":true,"href":"https:\/\/jms.com.bo\/mediamonitor\/wp-json\/wp\/v2\/users\/1"}],"replies":[{"embeddable":true,"href":"https:\/\/jms.com.bo\/mediamonitor\/wp-json\/wp\/v2\/comments?post=5830"}],"version-history":[{"count":0,"href":"https:\/\/jms.com.bo\/mediamonitor\/wp-json\/wp\/v2\/posts\/5830\/revisions"}],"wp:featuredmedia":[{"embeddable":true,"href":"https:\/\/jms.com.bo\/mediamonitor\/wp-json\/wp\/v2\/media\/5782"}],"wp:attachment":[{"href":"https:\/\/jms.com.bo\/mediamonitor\/wp-json\/wp\/v2\/media?parent=5830"}],"wp:term":[{"taxonomy":"category","embeddable":true,"href":"https:\/\/jms.com.bo\/mediamonitor\/wp-json\/wp\/v2\/categories?post=5830"},{"taxonomy":"post_tag","embeddable":true,"href":"https:\/\/jms.com.bo\/mediamonitor\/wp-json\/wp\/v2\/tags?post=5830"}],"curies":[{"name":"wp","href":"https:\/\/api.w.org\/{rel}","templated":true}]}}