{"id":58351,"date":"2023-09-13T08:26:09","date_gmt":"2023-09-13T12:26:09","guid":{"rendered":"https:\/\/jms.com.bo\/mediamonitor\/2023\/09\/13\/beni-en-busca-de-gravitar-en-produccion-de-alimentos-con-7-millones-de-hectareas\/"},"modified":"2023-09-13T08:26:09","modified_gmt":"2023-09-13T12:26:09","slug":"beni-en-busca-de-gravitar-en-produccion-de-alimentos-con-7-millones-de-hectareas","status":"publish","type":"post","link":"https:\/\/jms.com.bo\/mediamonitor\/2023\/09\/13\/beni-en-busca-de-gravitar-en-produccion-de-alimentos-con-7-millones-de-hectareas\/","title":{"rendered":"Beni en busca de gravitar en producci\u00f3n de alimentos con 7 millones de hect\u00e1reas"},"content":{"rendered":"<p style=\"text-align: justify;\">El departamento de Beni trabaja para hacer uso de los siete millones disponibles para la producci\u00f3n de alimentos y ganado. Busca gravitar en el mercado nacional y sumarse a la iniciativa de Santa Cruz, seg\u00fan los empresarios de esta regi\u00f3n oriental.<\/p>\n<p style=\"text-align: justify;\">El presidente de la Asociaci\u00f3n de Productores de Oleaginosas del Beni (ADEPO), Fernando Romero, inform\u00f3 que la regi\u00f3n cuenta con el Plan de Uso de Suelos, y tiene 22 millones de hect\u00e1reas, de las cuales aptas para la agricultura son siete millones.<\/p>\n<p style=\"text-align: justify;\">El representante del sector productivo sostiene que los siete millones de hect\u00e1reas, son una base para el cambio de la matriz productiva en la regi\u00f3n y gravitar en el abastecimiento de alimentos en el mercado nacional, con miras a la exportaci\u00f3n.<\/p>\n<p style=\"text-align: justify;\">Dijo que tiene aproximadamente entre 50.000 a 60.000 hect\u00e1reas sembradas de soya, 40.000 hect\u00e1reas de ma\u00edz y sorgo, y 70.000 hect\u00e1reas de arroz.<\/p>\n<p style=\"text-align: justify;\">Apunt\u00f3 que el anhelo de la regi\u00f3n beniana es ser la tercera frontera agr\u00edcola del pa\u00eds, despu\u00e9s de Santa Cruz y la Chiquitan\u00eda, pues tiene las condiciones para la producci\u00f3n de alimentos, as\u00ed como de ganado.<\/p>\n<p style=\"text-align: justify;\">Si bien a Santa Cruz le tom\u00f3 muchos a\u00f1os llegar al sitial en el que est\u00e1, los productores benianos buscan acortar el tiempo para desarrollar su potencial agr\u00edcola, en el mejor de los casos llegar al medio o un mill\u00f3n de hect\u00e1reas sembradas de soya y doblar la superficie en arroz.<\/p>\n<p style=\"text-align: justify;\">La intenci\u00f3n es generar un movimiento econ\u00f3mico privado de 1.000 millones de d\u00f3lares. Santa Cruz mueve con la soya 2.500 millones.<\/p>\n<p style=\"text-align: justify;\">Feria<br \/>\nLa Expoagro Beni 2023 busca impulsar el desarrollo agr\u00edcola y ganadero, cuyo evento se realizar\u00e1 entre el 6 y 7 de octubre. Entre otras novedades ayudan al sector productivo a ser cada vez m\u00e1s eficientes en su producci\u00f3n.<\/p>\n<p style=\"text-align: justify;\">Romero inform\u00f3 que la anterior versi\u00f3n, se gener\u00f3 un movimiento econ\u00f3mico de un mill\u00f3n de d\u00f3lares, y ahora esperan doblar la cifra, con las novedades que se presentar\u00e1n en la ExpoBeni 2023.<\/p>\n<p style=\"text-align: justify;\">Asimismo, manifest\u00f3 que el evento busca promover el sistema productivo del departamento beniano que actualmente produce ma\u00edz, soya, sorgo y arroz y, en mediano y corto plazo, convertirse en una frontera agr\u00edcola.<\/p>\n<p style=\"text-align: justify;\">El presidente de la C\u00e1mara Agropecuaria del Oriente (CAO), Jos\u00e9 Luis Farah, manifest\u00f3 que el Beni busca fortalecer la producci\u00f3n agr\u00edcola, por esta raz\u00f3n a\u00f1o a a\u00f1o buscan crecer en su productividad y espera que este evento, donde participar\u00e1n m\u00e1s 70 empresas, ayude a fortalecer al sector productivo beniano.<\/p>\n<p style=\"text-align: justify;\">\u201cConocemos la producci\u00f3n ganadera del beniano y ahora conocemos las bondades en la agricultura, donde se est\u00e1 abriendo un horizonte. Invitamos a todo el sector productivo nacional a conocer las tierras del Beni y lo que se est\u00e1 haciendo en agricultura y ganader\u00eda\u201d, se\u00f1al\u00f3.<\/p>\n","protected":false},"excerpt":{"rendered":"<p>El departamento de Beni trabaja para hacer uso de los siete millones disponibles para la producci\u00f3n de alimentos y ganado. Busca gravitar en el mercado nacional y sumarse a la iniciativa de Santa Cruz, seg\u00fan los empresarios de esta regi\u00f3n oriental. El presidente de la Asociaci\u00f3n de Productores de Oleaginosas del Beni (ADEPO), Fernando Romero, [&hellip;]<\/p>\n","protected":false},"author":4,"featured_media":58352,"comment_status":"open","ping_status":"closed","sticky":false,"template":"","format":"standard","meta":{"footnotes":""},"categories":[52],"tags":[],"class_list":{"0":"post-58351","1":"post","2":"type-post","3":"status-publish","4":"format-standard","5":"has-post-thumbnail","7":"category-alimentos-agroindustria"},"_links":{"self":[{"href":"https:\/\/jms.com.bo\/mediamonitor\/wp-json\/wp\/v2\/posts\/58351","targetHints":{"allow":["GET"]}}],"collection":[{"href":"https:\/\/jms.com.bo\/mediamonitor\/wp-json\/wp\/v2\/posts"}],"about":[{"href":"https:\/\/jms.com.bo\/mediamonitor\/wp-json\/wp\/v2\/types\/post"}],"author":[{"embeddable":true,"href":"https:\/\/jms.com.bo\/mediamonitor\/wp-json\/wp\/v2\/users\/4"}],"replies":[{"embeddable":true,"href":"https:\/\/jms.com.bo\/mediamonitor\/wp-json\/wp\/v2\/comments?post=58351"}],"version-history":[{"count":0,"href":"https:\/\/jms.com.bo\/mediamonitor\/wp-json\/wp\/v2\/posts\/58351\/revisions"}],"wp:featuredmedia":[{"embeddable":true,"href":"https:\/\/jms.com.bo\/mediamonitor\/wp-json\/wp\/v2\/media\/58352"}],"wp:attachment":[{"href":"https:\/\/jms.com.bo\/mediamonitor\/wp-json\/wp\/v2\/media?parent=58351"}],"wp:term":[{"taxonomy":"category","embeddable":true,"href":"https:\/\/jms.com.bo\/mediamonitor\/wp-json\/wp\/v2\/categories?post=58351"},{"taxonomy":"post_tag","embeddable":true,"href":"https:\/\/jms.com.bo\/mediamonitor\/wp-json\/wp\/v2\/tags?post=58351"}],"curies":[{"name":"wp","href":"https:\/\/api.w.org\/{rel}","templated":true}]}}