{"id":58353,"date":"2023-09-13T08:27:35","date_gmt":"2023-09-13T12:27:35","guid":{"rendered":"https:\/\/jms.com.bo\/mediamonitor\/2023\/09\/13\/ayoreos-intensifican-bloqueo-en-cuatro-canadas-en-reclamo-de-viviendas-sociales\/"},"modified":"2023-09-13T08:27:35","modified_gmt":"2023-09-13T12:27:35","slug":"ayoreos-intensifican-bloqueo-en-cuatro-canadas-en-reclamo-de-viviendas-sociales","status":"publish","type":"post","link":"https:\/\/jms.com.bo\/mediamonitor\/2023\/09\/13\/ayoreos-intensifican-bloqueo-en-cuatro-canadas-en-reclamo-de-viviendas-sociales\/","title":{"rendered":"Ayoreos intensifican bloqueo en Cuatro Ca\u00f1adas en reclamo de viviendas sociales"},"content":{"rendered":"<p style=\"text-align: justify;\">Los ind\u00edgenas de cuatro comunidades ayoreas intensificaron el bloqueo que instalaron en la carretera que une Santa Cruz con Beni y la Chiquitania debido a que no llegaron a un acuerdo con el municipio de Cuatro Ca\u00f1adas para la construcci\u00f3n de las viviendas sociales que les prometieron.<\/p>\n<p style=\"text-align: justify;\">Los ayoreos de las comunidades de Porvenir, Nueva Esperanza, Canaan y Suegay se reunieron este martes con la Secretar\u00eda de Planificaci\u00f3n de Vivienda de Cuatro Ca\u00f1adas, pero no llegaron a un acuerdo porque desde el municipio le ped\u00edan firmar un compromiso que se\u00f1alaba que las viviendas iban a empezar a construirse en 2024.<\/p>\n<p style=\"text-align: justify;\">Los bloqueadores ind\u00edgenas informaron a EL DEBER que rechazaron la propuesta de la Alcald\u00eda de Cuatro Ca\u00f1adas porque ya han esperado mucho tiempo y ahora exigen que las casas empiecen a ser construidas a finales de este 2023.<\/p>\n","protected":false},"excerpt":{"rendered":"<p>Los ind\u00edgenas de cuatro comunidades ayoreas intensificaron el bloqueo que instalaron en la carretera que une Santa Cruz con Beni y la Chiquitania debido a que no llegaron a un acuerdo con el municipio de Cuatro Ca\u00f1adas para la construcci\u00f3n de las viviendas sociales que les prometieron. Los ayoreos de las comunidades de Porvenir, Nueva [&hellip;]<\/p>\n","protected":false},"author":4,"featured_media":58354,"comment_status":"open","ping_status":"closed","sticky":false,"template":"","format":"standard","meta":{"footnotes":""},"categories":[49],"tags":[],"class_list":{"0":"post-58353","1":"post","2":"type-post","3":"status-publish","4":"format-standard","5":"has-post-thumbnail","7":"category-social"},"_links":{"self":[{"href":"https:\/\/jms.com.bo\/mediamonitor\/wp-json\/wp\/v2\/posts\/58353","targetHints":{"allow":["GET"]}}],"collection":[{"href":"https:\/\/jms.com.bo\/mediamonitor\/wp-json\/wp\/v2\/posts"}],"about":[{"href":"https:\/\/jms.com.bo\/mediamonitor\/wp-json\/wp\/v2\/types\/post"}],"author":[{"embeddable":true,"href":"https:\/\/jms.com.bo\/mediamonitor\/wp-json\/wp\/v2\/users\/4"}],"replies":[{"embeddable":true,"href":"https:\/\/jms.com.bo\/mediamonitor\/wp-json\/wp\/v2\/comments?post=58353"}],"version-history":[{"count":0,"href":"https:\/\/jms.com.bo\/mediamonitor\/wp-json\/wp\/v2\/posts\/58353\/revisions"}],"wp:featuredmedia":[{"embeddable":true,"href":"https:\/\/jms.com.bo\/mediamonitor\/wp-json\/wp\/v2\/media\/58354"}],"wp:attachment":[{"href":"https:\/\/jms.com.bo\/mediamonitor\/wp-json\/wp\/v2\/media?parent=58353"}],"wp:term":[{"taxonomy":"category","embeddable":true,"href":"https:\/\/jms.com.bo\/mediamonitor\/wp-json\/wp\/v2\/categories?post=58353"},{"taxonomy":"post_tag","embeddable":true,"href":"https:\/\/jms.com.bo\/mediamonitor\/wp-json\/wp\/v2\/tags?post=58353"}],"curies":[{"name":"wp","href":"https:\/\/api.w.org\/{rel}","templated":true}]}}