{"id":58355,"date":"2023-09-13T08:28:39","date_gmt":"2023-09-13T12:28:39","guid":{"rendered":"https:\/\/jms.com.bo\/mediamonitor\/2023\/09\/13\/comunarios-de-buena-vista-dan-plazo-de-24-horas-para-conocer-cronograma-o-iran-al-bloqueo-indefinido\/"},"modified":"2023-09-13T08:28:39","modified_gmt":"2023-09-13T12:28:39","slug":"comunarios-de-buena-vista-dan-plazo-de-24-horas-para-conocer-cronograma-o-iran-al-bloqueo-indefinido","status":"publish","type":"post","link":"https:\/\/jms.com.bo\/mediamonitor\/2023\/09\/13\/comunarios-de-buena-vista-dan-plazo-de-24-horas-para-conocer-cronograma-o-iran-al-bloqueo-indefinido\/","title":{"rendered":"Comunarios de Buena Vista dan plazo de 24 horas para conocer cronograma o ir\u00e1n al bloqueo indefinido"},"content":{"rendered":"<p style=\"text-align: justify;\">Tras una asamblea de m\u00e1s de seis horas, la Central \u00danica de Trabajadores Campesinos de Buena Vista determin\u00f3 declararse en vigilia y dio un ultim\u00e1tum al Gobierno y la Gobernaci\u00f3n de Santa Cruz hasta este mi\u00e9rcoles para presentar un documento donde aclaren el tiempo que requieren para solucionar el conflicto y dar luz verde a la construcci\u00f3n de la carretera Las Cruces-Buena Vista.<\/p>\n<p style=\"text-align: justify;\">La asamblea, realizada este martes, anunci\u00f3 que si hasta las 10.00 de este mi\u00e9rcoles no reciben lo requerido instalar\u00e1n el bloqueo indefinido de carreteras en Santa Cruz.<\/p>\n<p style=\"text-align: justify;\">Sin embargo, tambi\u00e9n se abren a la posibilidad de ceder un tiempo mayor para buscar una soluci\u00f3n, empero, advierten que en caso de que el di\u00e1logo se rompa, ellos saldr\u00e1n a las calles.<\/p>\n<p style=\"text-align: justify;\">En el documento presentado hay cuatro puntos: el primero pide que el Gobierno y la Gobernaci\u00f3n de Santa Cruz hagan conocer los alcances de las mesas t\u00e9cnicas, los tiempos para dar una soluci\u00f3n definitiva. Adem\u00e1s, que les hagan llegar un cronograma de trabajo para que el tema no se dilate.<\/p>\n<p style=\"text-align: justify;\">En otra de las determinaciones anuncian que el Comit\u00e9 Impulsor del municipio de Buena Vista y las organizaciones sociales se declaran en vigilia hasta las 10.00 de este mi\u00e9rcoles. Luego reiniciar\u00e1n los bloqueos.<\/p>\n<p style=\"text-align: justify;\">Buena Vista<\/p>\n<p style=\"text-align: justify;\">En el tercer punto indican que est\u00e1n abiertos a ceder m\u00e1s tiempo, siempre y cuando les presenten el cronograma. \u201cNecesitamos una respuesta por escrito y cronograma\u201d.<\/p>\n<p style=\"text-align: justify;\">En la \u00faltima determinaci\u00f3n advierten que, si el di\u00e1logo y las mesas de trabajo se rompen, saldr\u00e1n a las calles y el bloqueo ser\u00e1 indefinido, \u201caunque sea el mismo 24 de septiembre\u201d, efem\u00e9ride de Santa Cruz.<\/p>\n<p style=\"text-align: justify;\">El Comit\u00e9 Impulsor por la carretera Las Cruces-Buena Vista anunci\u00f3 el lunes que reiniciar\u00edan los bloqueos pese al di\u00e1logo instalado entre el Gobierno y la Gobernaci\u00f3n; sin embargo, este martes acordaron dar un plazo m\u00e1s a las autoridades esperando respuestas.<\/p>\n<p style=\"text-align: justify;\">Los comunarios mantuvieron bloqueada la v\u00eda por 11 d\u00edas, lo que represent\u00f3 una gran p\u00e9rdida sobre todo para el sector productivo del pa\u00eds.<\/p>\n","protected":false},"excerpt":{"rendered":"<p>Tras una asamblea de m\u00e1s de seis horas, la Central \u00danica de Trabajadores Campesinos de Buena Vista determin\u00f3 declararse en vigilia y dio un ultim\u00e1tum al Gobierno y la Gobernaci\u00f3n de Santa Cruz hasta este mi\u00e9rcoles para presentar un documento donde aclaren el tiempo que requieren para solucionar el conflicto y dar luz verde a [&hellip;]<\/p>\n","protected":false},"author":4,"featured_media":58356,"comment_status":"open","ping_status":"closed","sticky":false,"template":"","format":"standard","meta":{"footnotes":""},"categories":[49],"tags":[],"class_list":{"0":"post-58355","1":"post","2":"type-post","3":"status-publish","4":"format-standard","5":"has-post-thumbnail","7":"category-social"},"_links":{"self":[{"href":"https:\/\/jms.com.bo\/mediamonitor\/wp-json\/wp\/v2\/posts\/58355","targetHints":{"allow":["GET"]}}],"collection":[{"href":"https:\/\/jms.com.bo\/mediamonitor\/wp-json\/wp\/v2\/posts"}],"about":[{"href":"https:\/\/jms.com.bo\/mediamonitor\/wp-json\/wp\/v2\/types\/post"}],"author":[{"embeddable":true,"href":"https:\/\/jms.com.bo\/mediamonitor\/wp-json\/wp\/v2\/users\/4"}],"replies":[{"embeddable":true,"href":"https:\/\/jms.com.bo\/mediamonitor\/wp-json\/wp\/v2\/comments?post=58355"}],"version-history":[{"count":0,"href":"https:\/\/jms.com.bo\/mediamonitor\/wp-json\/wp\/v2\/posts\/58355\/revisions"}],"wp:featuredmedia":[{"embeddable":true,"href":"https:\/\/jms.com.bo\/mediamonitor\/wp-json\/wp\/v2\/media\/58356"}],"wp:attachment":[{"href":"https:\/\/jms.com.bo\/mediamonitor\/wp-json\/wp\/v2\/media?parent=58355"}],"wp:term":[{"taxonomy":"category","embeddable":true,"href":"https:\/\/jms.com.bo\/mediamonitor\/wp-json\/wp\/v2\/categories?post=58355"},{"taxonomy":"post_tag","embeddable":true,"href":"https:\/\/jms.com.bo\/mediamonitor\/wp-json\/wp\/v2\/tags?post=58355"}],"curies":[{"name":"wp","href":"https:\/\/api.w.org\/{rel}","templated":true}]}}