{"id":58360,"date":"2023-09-13T08:30:53","date_gmt":"2023-09-13T12:30:53","guid":{"rendered":"https:\/\/jms.com.bo\/mediamonitor\/2023\/09\/13\/el-pais-de-los-conflictos-un-estudio-radiografia-las-protestas\/"},"modified":"2023-09-13T08:30:53","modified_gmt":"2023-09-13T12:30:53","slug":"el-pais-de-los-conflictos-un-estudio-radiografia-las-protestas","status":"publish","type":"post","link":"https:\/\/jms.com.bo\/mediamonitor\/2023\/09\/13\/el-pais-de-los-conflictos-un-estudio-radiografia-las-protestas\/","title":{"rendered":"\u00bfEl pa\u00eds de los conflictos? Un estudio radiograf\u00eda las protestas"},"content":{"rendered":"<p style=\"text-align: justify;\">\u00bfEs Bolivia el pa\u00eds de los conflictos? Un estudio elaborado por la Universidad Privada Domingo Savio (UPDS) arroja luz sobre los conflictos sociales, pol\u00edticos y econ\u00f3micos que sacudieron a Bolivia durante el primer semestre de este a\u00f1o. El informe contiene un monitoreo de medios que abarca el periodo entre enero y junio de 2023. En total, se recopilaron 1.810 notas para el an\u00e1lisis.<\/p>\n<p style=\"text-align: justify;\">Fruto del trabajo realizado por estudiantes de la materia Opini\u00f3n P\u00fablica y Auditor\u00eda de Medios se logr\u00f3 una radiograf\u00eda de los principales conflictos, su duraci\u00f3n y los actores involucrados.<\/p>\n<p style=\"text-align: justify;\">Durante el primer semestre de este a\u00f1o, Bolivia experiment\u00f3 una serie de conflictos que abordaron temas cr\u00edticos, desde protestas por la aprehensi\u00f3n violenta del gobernador cruce\u00f1o Luis Fernando Camacho hasta demandas laborales de los maestros o desaf\u00edos medioambientales.<\/p>\n<p style=\"text-align: justify;\">Se registraron 1.810 noticias sobre conflictos en medios de televisi\u00f3n, prensa escrita, radios y medios nativos digitales. Los peri\u00f3dicos y medios tradicionales fueron los principales medios en informar sobre las protestas.<\/p>\n<p style=\"text-align: justify;\">Del total de las notas analizadas, el 44% fueron conflictos sociales relacionados marchas de protesta, principalmente del sector transporte y de los maestros; 34% de los conflictos fueron pol\u00edticos, vinculados a la detenci\u00f3n del gobernador Camacho y a propuestas del Poder Ejecutivo y Legislativo.<\/p>\n<p style=\"text-align: justify;\">Tambi\u00e9n destacan con un 15% los conflictos de naturaleza econ\u00f3mica. En este \u00faltimo caso, los bloqueos de carretera fueron un mecanismo recurrente para la protesta.<\/p>\n<p style=\"text-align: justify;\">El tenor pol\u00edtico fue el principal detonante de los conflictos. Estaba presente en un 48.5% de las protestas. Los maestros protagonizaron un 24,3%, mientras que un 20,3% son atribuibles a diversos sectores de la sociedad civil.<\/p>\n<p style=\"text-align: justify;\">Los meses m\u00e1s conflictivos fueron los comprendidos entre enero y marzo. El estudio tambi\u00e9n muestra que la mayor\u00eda de los conflictos duran una semana antes de su resoluci\u00f3n o que son recurrentes ante el incumplimiento de los acuerdos.<\/p>\n<p style=\"text-align: justify;\">Julio un mes problem\u00e1tico<\/p>\n<p style=\"text-align: justify;\">Un estudio de la Fundaci\u00f3n UNIR revela un total de 98 conflictos registrados en Bolivia en un solo mes, el de julio de 2023. Diversas regiones del pa\u00eds mostraron su descontento ante diversas situaciones vividas en Bolivia.<\/p>\n<p style=\"text-align: justify;\">El informe de Unir tambi\u00e9n se\u00f1ala que las ciudades m\u00e1s conflictivas son Cochabamba y Santa Cruz de la Sierra. La Paz ocupa el tercer lugar. Llama la atenci\u00f3n este dato porque la sede de Gobierno ha dejado de ser el epicentro primordial de las protestas en el pa\u00eds.<\/p>\n<p style=\"text-align: justify;\">Incapacidad de resolver conflictos en Bolivia<\/p>\n<p style=\"text-align: justify;\">La falta de espacios de di\u00e1logo y negociaci\u00f3n impide que las voces de los diferentes actores sean escuchadas y consideradas en la toma de decisiones. Esto genera frustraci\u00f3n y malestar entre la poblaci\u00f3n, alimentando a\u00fan m\u00e1s la desconfianza hacia las autoridades y convirtiendo a Bolivia en uno de los pa\u00edses m\u00e1s conflictivos de la regi\u00f3n.<\/p>\n<p style=\"text-align: justify;\">\u00c9dgar Arce Rudon, comunicador social especialista en manejo de crisis cree que en Bolivia se ha normalizado el conflicto. \u201cSomos incapaces de resolver y hemos vuelto normal saber que hay bloqueos o que cada cierto tiempo habr\u00e1 problemas. Es casi c\u00edclico inclusive, marzo y octubre son los meses m\u00e1s conflictivos por naturaleza en este pa\u00eds. Hay casi una agenda de conflictos. Se ha normalizado ese tire y afloje\u201d, advierte el profesional.<\/p>\n<p style=\"text-align: justify;\">Arce ve necesario que las autoridades tomen medidas concretas para fomentar la apertura al di\u00e1logo y la negociaci\u00f3n, reconociendo la importancia de escuchar y atender las demandas de la sociedad. \u201cSolo a trav\u00e9s del di\u00e1logo y la b\u00fasqueda de consensos ser\u00e1 posible construir un futuro m\u00e1s justo y equitativo para todos los bolivianos\u201d, concluye.<\/p>\n","protected":false},"excerpt":{"rendered":"<p>\u00bfEs Bolivia el pa\u00eds de los conflictos? Un estudio elaborado por la Universidad Privada Domingo Savio (UPDS) arroja luz sobre los conflictos sociales, pol\u00edticos y econ\u00f3micos que sacudieron a Bolivia durante el primer semestre de este a\u00f1o. El informe contiene un monitoreo de medios que abarca el periodo entre enero y junio de 2023. En [&hellip;]<\/p>\n","protected":false},"author":4,"featured_media":58361,"comment_status":"open","ping_status":"closed","sticky":false,"template":"","format":"standard","meta":{"footnotes":""},"categories":[20],"tags":[],"class_list":{"0":"post-58360","1":"post","2":"type-post","3":"status-publish","4":"format-standard","5":"has-post-thumbnail","7":"category-actualidad"},"_links":{"self":[{"href":"https:\/\/jms.com.bo\/mediamonitor\/wp-json\/wp\/v2\/posts\/58360","targetHints":{"allow":["GET"]}}],"collection":[{"href":"https:\/\/jms.com.bo\/mediamonitor\/wp-json\/wp\/v2\/posts"}],"about":[{"href":"https:\/\/jms.com.bo\/mediamonitor\/wp-json\/wp\/v2\/types\/post"}],"author":[{"embeddable":true,"href":"https:\/\/jms.com.bo\/mediamonitor\/wp-json\/wp\/v2\/users\/4"}],"replies":[{"embeddable":true,"href":"https:\/\/jms.com.bo\/mediamonitor\/wp-json\/wp\/v2\/comments?post=58360"}],"version-history":[{"count":0,"href":"https:\/\/jms.com.bo\/mediamonitor\/wp-json\/wp\/v2\/posts\/58360\/revisions"}],"wp:featuredmedia":[{"embeddable":true,"href":"https:\/\/jms.com.bo\/mediamonitor\/wp-json\/wp\/v2\/media\/58361"}],"wp:attachment":[{"href":"https:\/\/jms.com.bo\/mediamonitor\/wp-json\/wp\/v2\/media?parent=58360"}],"wp:term":[{"taxonomy":"category","embeddable":true,"href":"https:\/\/jms.com.bo\/mediamonitor\/wp-json\/wp\/v2\/categories?post=58360"},{"taxonomy":"post_tag","embeddable":true,"href":"https:\/\/jms.com.bo\/mediamonitor\/wp-json\/wp\/v2\/tags?post=58360"}],"curies":[{"name":"wp","href":"https:\/\/api.w.org\/{rel}","templated":true}]}}