{"id":58362,"date":"2023-09-13T08:32:07","date_gmt":"2023-09-13T12:32:07","guid":{"rendered":"https:\/\/jms.com.bo\/mediamonitor\/2023\/09\/13\/vientos-huracanados-arrancan-techos-en-puerto-quijarro-y-en-corumba-muere-un-nino-tras-ser-alcanzado-por-la-estructura-de-una-cancha-deportiva\/"},"modified":"2023-09-13T08:32:07","modified_gmt":"2023-09-13T12:32:07","slug":"vientos-huracanados-arrancan-techos-en-puerto-quijarro-y-en-corumba-muere-un-nino-tras-ser-alcanzado-por-la-estructura-de-una-cancha-deportiva","status":"publish","type":"post","link":"https:\/\/jms.com.bo\/mediamonitor\/2023\/09\/13\/vientos-huracanados-arrancan-techos-en-puerto-quijarro-y-en-corumba-muere-un-nino-tras-ser-alcanzado-por-la-estructura-de-una-cancha-deportiva\/","title":{"rendered":"Vientos huracanados arrancan techos en Puerto Quijarro y en Corumb\u00e1 muere un ni\u00f1o tras ser alcanzado por la estructura de una cancha deportiva"},"content":{"rendered":"<p style=\"text-align: justify;\">Los vientos huracanados, acompa\u00f1ados de aguaceros, provocaron destrozos en localidades fronterizas como es el caso de Puerto Quijarro (Bolivia) y Corumb\u00e1. En el lado brasile\u00f1o, espec\u00edficamente en la Escuela Municipal C\u00e1ssio Leite de Barros, ubicada en el barrio de Nova Corumb\u00e1, un estudiante de siete a\u00f1os de edad perdi\u00f3 la vida tras ser alcanzado por la estructura de una cancha.<\/p>\n<p style=\"text-align: justify;\">En el caso del municipio boliviano de Puerto Quijarro, la lluvia cay\u00f3 pasado el mediod\u00eda y los fuertes vientos arrancaron los techos de algunas casas, seg\u00fan report\u00f3 la periodista Lita Surub\u00ed.<\/p>\n<p style=\"text-align: justify;\">A su vez, el corresponsal de EL DEBER en esta zona, Lorenzo Yop\u00edez, report\u00f3 que la intensidad de las r\u00e1fagas destrozaron el tinglado del coliseo deportivo del Colegio San Agust\u00edn.<\/p>\n<p style=\"text-align: justify;\">Hasta el momento no se han cuantificado los da\u00f1os provocados por este fen\u00f3meno climatol\u00f3gico, ni se han reportado personas afectadas.<\/p>\n<p style=\"text-align: justify;\">Muerte de un menor en Corumb\u00e1<\/p>\n<p style=\"text-align: justify;\">Matheus Souza Marques, de siete a\u00f1os de edad, falleci\u00f3 la vida la tarde de este martes, durante la tormenta que azot\u00f3 la localidad brasile\u00f1a de Corumb\u00e1. Seg\u00fan inform\u00f3 el Diario Corumbaense, las r\u00e1fagas que superaron los 100 kil\u00f3metros por hora, arrancaron la estructura de cancha y golpearon al menor que se encontraba en la cancha de b\u00e1squet jugando con sus compa\u00f1eros.<\/p>\n<p style=\"text-align: justify;\">La estructura de una cancha deportiva alcanz\u00f3 a un menor y le quit\u00f3 la vida en Corumb\u00e1<br \/>\nLa estructura de una cancha deportiva alcanz\u00f3 a un menor y le quit\u00f3 la vida en Corumb\u00e1<br \/>\nEn el momento de la tragedia, Matheus y los dem\u00e1s estudiantes de su curso pasaban la materia de educaci\u00f3n f\u00edsica. Mar\u00eda Auxiliadora, t\u00eda del menor, le dijo al Diario Corumbaense que su sobrino estaba feliz porque tendr\u00eda clases de educaci\u00f3n f\u00edsica, \u201cpero sucedi\u00f3 esta tragedia. Era un ni\u00f1o feliz, inteligente, \u00fanico hijo, \u00fanico sobrino, \u00fanico nieto. Estamos devastados\u201d, cont\u00f3.<\/p>\n<p style=\"text-align: justify;\">El menor que perdi\u00f3 la vida tras ser alcanzado por una estructura met\u00e1lica<br \/>\nEl menor que perdi\u00f3 la vida tras ser alcanzado por una estructura met\u00e1lica<br \/>\nLa Secretar\u00eda de Comunicaciones del Ayuntamiento de Corumb\u00e1 inform\u00f3 que las clases est\u00e1n suspendidas hasta el viernes, 15 de septiembre. Durante este per\u00edodo, equipos de la Secretar\u00eda de Infraestructura inspeccionar\u00e1n escuelas y unidades de salud para evaluar los da\u00f1os causados \u200b\u200bpor la tormenta. Tambi\u00e9n se declarar\u00e1n tres d\u00edas de luto en memoria del peque\u00f1o Matheus.<\/p>\n<p style=\"text-align: justify;\">El temporal adem\u00e1s de anegar las calles y avenidas de Corumb\u00e1, tambi\u00e9n destroz\u00f3 los techos de los puestos de venta de vendedores ambulantes y el techo de un instituto fue arrancado e impact\u00f3 contra veh\u00edculos que se encontraban en el lugar.<\/p>\n","protected":false},"excerpt":{"rendered":"<p>Los vientos huracanados, acompa\u00f1ados de aguaceros, provocaron destrozos en localidades fronterizas como es el caso de Puerto Quijarro (Bolivia) y Corumb\u00e1. En el lado brasile\u00f1o, espec\u00edficamente en la Escuela Municipal C\u00e1ssio Leite de Barros, ubicada en el barrio de Nova Corumb\u00e1, un estudiante de siete a\u00f1os de edad perdi\u00f3 la vida tras ser alcanzado por [&hellip;]<\/p>\n","protected":false},"author":4,"featured_media":58363,"comment_status":"open","ping_status":"closed","sticky":false,"template":"","format":"standard","meta":{"footnotes":""},"categories":[20],"tags":[],"class_list":{"0":"post-58362","1":"post","2":"type-post","3":"status-publish","4":"format-standard","5":"has-post-thumbnail","7":"category-actualidad"},"_links":{"self":[{"href":"https:\/\/jms.com.bo\/mediamonitor\/wp-json\/wp\/v2\/posts\/58362","targetHints":{"allow":["GET"]}}],"collection":[{"href":"https:\/\/jms.com.bo\/mediamonitor\/wp-json\/wp\/v2\/posts"}],"about":[{"href":"https:\/\/jms.com.bo\/mediamonitor\/wp-json\/wp\/v2\/types\/post"}],"author":[{"embeddable":true,"href":"https:\/\/jms.com.bo\/mediamonitor\/wp-json\/wp\/v2\/users\/4"}],"replies":[{"embeddable":true,"href":"https:\/\/jms.com.bo\/mediamonitor\/wp-json\/wp\/v2\/comments?post=58362"}],"version-history":[{"count":0,"href":"https:\/\/jms.com.bo\/mediamonitor\/wp-json\/wp\/v2\/posts\/58362\/revisions"}],"wp:featuredmedia":[{"embeddable":true,"href":"https:\/\/jms.com.bo\/mediamonitor\/wp-json\/wp\/v2\/media\/58363"}],"wp:attachment":[{"href":"https:\/\/jms.com.bo\/mediamonitor\/wp-json\/wp\/v2\/media?parent=58362"}],"wp:term":[{"taxonomy":"category","embeddable":true,"href":"https:\/\/jms.com.bo\/mediamonitor\/wp-json\/wp\/v2\/categories?post=58362"},{"taxonomy":"post_tag","embeddable":true,"href":"https:\/\/jms.com.bo\/mediamonitor\/wp-json\/wp\/v2\/tags?post=58362"}],"curies":[{"name":"wp","href":"https:\/\/api.w.org\/{rel}","templated":true}]}}