{"id":58364,"date":"2023-09-13T08:39:12","date_gmt":"2023-09-13T12:39:12","guid":{"rendered":"https:\/\/jms.com.bo\/mediamonitor\/2023\/09\/13\/manfred-reyes-villa-cochabamba-sera-la-primera-ciudad-sensorizada-e-inteligente-de-bolivia\/"},"modified":"2023-09-13T08:39:12","modified_gmt":"2023-09-13T12:39:12","slug":"manfred-reyes-villa-cochabamba-sera-la-primera-ciudad-sensorizada-e-inteligente-de-bolivia","status":"publish","type":"post","link":"https:\/\/jms.com.bo\/mediamonitor\/2023\/09\/13\/manfred-reyes-villa-cochabamba-sera-la-primera-ciudad-sensorizada-e-inteligente-de-bolivia\/","title":{"rendered":"Manfred Reyes Villa: \u201cCochabamba ser\u00e1 la primera ciudad sensorizada e inteligente de Bolivia\u201d"},"content":{"rendered":"<p style=\"text-align: justify;\">Este 14 de septiembre, Cochabamba cumple 213 a\u00f1os de su gesta libertaria. Tras una dura pandemia que merm\u00f3 su econom\u00eda y una crisis pol\u00edtica en el municipio, la Llajta renace.<\/p>\n<p style=\"text-align: justify;\">Sin embargo, persisten otras urgencias que con el tiempo se agudizan m\u00e1s: la escasez de agua, la basura, el caos vehicular, el transporte y el medioambiente, entre otras.<\/p>\n<p style=\"text-align: justify;\">Para responder a estos temas, invitamos al alcalde Manfred Reyes Villa a una mesa de an\u00e1lisis en Los Tiempos y tambi\u00e9n a conversar de otros aspectos.<\/p>\n<p style=\"text-align: justify;\">&#8211; \u00bfC\u00f3mo llega Cochabamba a estos 213 a\u00f1os?<\/p>\n<p style=\"text-align: justify;\">Gracias por la invitaci\u00f3n. Qu\u00e9 gusto estar en esta casa que alberga a Los Tiempos, que creo que ya es un activo fijo de Cochabamba y sobre todo en v\u00edsperas de un 14 de septiembre.<\/p>\n<p style=\"text-align: justify;\">Yo creo que llegamos un poco preocupados; sin embargo, creo que debemos ser positivos. La situaci\u00f3n es preocupante, no s\u00f3lo en Bolivia, sino en el mundo y estamos de tras de la reactivaci\u00f3n econ\u00f3mica y creo que es el momento de que todos los que ejercemos cierto poder, gracias a la voluntad del pueblo, le tengamos que poner el hombro al pa\u00eds. Porque aqu\u00ed se trata de Bolivia, no s\u00f3lo de Cochabamba.<\/p>\n<p style=\"text-align: justify;\">Considero que algunos pol\u00edticos no han podido lograr consolidar la responsabilidad con el pa\u00eds. No hay logrado tener un poco de tolerancia y madurez pol\u00edtica para reactivar la econom\u00eda y pensar en la poblaci\u00f3n, m\u00e1xime si nos ha tocado pasar una pandemia tan dura que nos ha afectado a todos. Por ejemplo, nunca, desde que tengo uso de raz\u00f3n, recuerdo que en Bolivia no haya d\u00f3lares<\/p>\n<p style=\"text-align: justify;\">&#8211; Si algo nos ha ense\u00f1ado la pandemia, desde el punto de vista econ\u00f3mico, ha sido a reinventarnos. \u00bfC\u00f3mo eval\u00faa este aspecto?<\/p>\n<p style=\"text-align: justify;\">La gente ha comenzado a reinventarse, no le ha quedado otra. Felizmente les ha ido bien y les sigue yendo muy bien. En algunos casos han tenido que cambiar de rubro.<\/p>\n<p style=\"text-align: justify;\">Cochabamba aporta poco m\u00e1s del 15 por ciento al Producto Interno Bruto (PIB); sin embargo, tenemos una visi\u00f3n transversal con la Alcald\u00eda, no s\u00f3lo de arreglar las avenidas, calles, construir colegios, centros de salud, sino tambi\u00e9n de enfocarnos en el desarrollo econ\u00f3mico y es por eso que estamos ejecutando muchas obras. Si le damos una mirada a la zona sud, encontrar\u00e1s unas megavenidas. La zona sud ha cambiado.<\/p>\n<p style=\"text-align: justify;\">Desde mi administraci\u00f3n, hemos profundizado todo lo que es alianzas p\u00fablico-privadas y a trav\u00e9s de eso hemos logrado realizar la feria internacional m\u00e1s exitosa en \u00e9poca de crisis.<\/p>\n<p style=\"text-align: justify;\">Por s\u00f3lo citar algunos datos. En 11 d\u00edas, hemos ganado 18 millones de bolivianos. Ese dinero se est\u00e1 reinvirtiendo en la feria. Imcruz ha vendido 400 veh\u00edculos en 11 d\u00edas, Toyota y Crown han vendido m\u00e1s de 270 veh\u00edculos. Eso significa que la econom\u00eda se ha comenzado a dinamizar.<\/p>\n<p style=\"text-align: justify;\">Y as\u00ed, estamos trabajando en varios rubros, el tema de los hoteles, restaurantes, por ejemplo, estamos tratando de reactivar esos sectores.<\/p>\n<p style=\"text-align: justify;\">Vamos a cambiar toda la iluminaci\u00f3n de Cochabamba, eso costar\u00e1 41 millones de d\u00f3lares. \u00bfDe d\u00f3nde saldr\u00e1n los recursos? Bueno, del ahorro, porque estamos trayendo tecnolog\u00eda de luces LED.<\/p>\n<p style=\"text-align: justify;\">Espero que desde este trabajo de reactivaci\u00f3n que estamos haciendo en Cochabamba, lleguemos al 18 por ciento del PIB y m\u00e1s.<\/p>\n<p style=\"text-align: justify;\">&#8211; En t\u00e9rminos ciudadanos, \u00bfno cree usted que el cochabambino ha vuelto a creer en su ciudad?<\/p>\n<p style=\"text-align: justify;\">Exacto, estamos revalorizando el desarrollo de nuestra querida Cochabamba para que se sientan orgullosos. Estamos haciendo todo lo posible como Alcald\u00eda, porque esa es nuestra obligaci\u00f3n.<\/p>\n<p style=\"text-align: justify;\">Cochabamba est\u00e1 volviendo a ser la ciudad jard\u00edn. Queremos ser la mejor ciudad de Bolivia. Estamos colocando se\u00f1alizaci\u00f3n hasta en el suelo para los peatones. Son cosas que he visto afuera y las estamos implementando en la ciudad.<\/p>\n<p style=\"text-align: justify;\">Te aseguro que Cochabamba ser\u00e1 la primera ciudad sensorizada de Bolivia, la primera ciudad inteligente.<\/p>\n<p style=\"text-align: justify;\">Ya hemos colocado las antenas en la plaza Col\u00f3n, en distintos lugares para sensorizar el medioambiente, la cantidad de lluvia, hasta sabremos si en los basureros soterrados hay basura o no.<\/p>\n<p style=\"text-align: justify;\">Estamos trabajando en reforestar la ciudad, arreglando los jardines, plazuelas, etc.<\/p>\n<p style=\"text-align: justify;\">Otro aspecto que quiero resaltar en esta entrevista es el teatro Ach\u00e1, por mucho tiempo ha estado cerrado, pero lo reactivamos. Ahora y esto es una sorpresa, necesitamos un teatro m\u00e1s grande. Ya tenemos los predios, 10 mil metros cuadrados, a dos calles. Sin duda, ser\u00e1 el mejor teatro del pa\u00eds.<\/p>\n<p style=\"text-align: justify;\">La cultura es lo m\u00e1s importante. Lo he buscado a Koichi Fuiji y le he pedido que organice nuevamente la orquesta sinf\u00f3nica que era el orgullo de los cochabambinos.<\/p>\n<p style=\"text-align: justify;\">&#8211; La ciudad contin\u00faa con m\u00faltiples problemas por resolver, por ejemplo: la basura. \u00bfC\u00f3mo pretende encarar esos temas a mediano o largo plazo?<\/p>\n<p style=\"text-align: justify;\">Sin duda, son temas muy importantes y preocupantes. En el tema de la basura, por ejemplo, ya lo habr\u00edamos solucionado si s\u00f3lo dependiera de m\u00ed. Yo tengo que obtener una ficha medioambiental de la Gobernaci\u00f3n. Cuando se estaba ejecutando, en Sacabamba, vino una empresa privada para invertir y hacer la industrializaci\u00f3n, ya no m\u00e1s rellenos sanitarios ni botadero. Con una inversi\u00f3n de m\u00e1s de 80 millones de d\u00f3lares.<\/p>\n<p style=\"text-align: justify;\">Cuando comenzaron, no quisieron dar la ficha, yo dir\u00eda que es m\u00e1s un tema pol\u00edtico. Yo creo que el tema de la basura tiene que ser solucionado, esta semana tendr\u00edan que darnos la ficha ambiental. No podemos, por falta de una ficha ambiental, dejar de hacer un complejo industrializador, donde podamos generar biog\u00e1s, generar energ\u00eda c\u00f3mpost, etc.<\/p>\n<p style=\"text-align: justify;\">&#8211; \u00bfPor qu\u00e9 se hace tan dif\u00edcil despolitizar la Alcald\u00eda?<\/p>\n<p style=\"text-align: justify;\">Porque muchos pol\u00edticos no han entendido lo que es la responsabilidad pol\u00edtica, la tolerancia. He logrado lo que muchos no cre\u00edan que \u00edbamos a lograr: la zona sud masista. Muchos dec\u00edan, Manfred no va a entrar al sud. Ahora la zona sud es mi casa, todos los fines de semana estoy ah\u00ed. Porque la gente ve que trabajamos.<\/p>\n<p style=\"text-align: justify;\">Despu\u00e9s de que sal\u00ed, ning\u00fan alcalde ha tenido siete concejales; nosotros logramos tener siete concejales despu\u00e9s de 11 a\u00f1os. Yo, y lo digo por primera vez, tendr\u00eda que haber estado dos a\u00f1os para ser alcalde, porque eso dec\u00eda la ley. Pero me utilizaron para habilitar a C\u00e9sar Dockweiler, candidato de Evo Morales a La Paz, para habilitarla a Alanoca y Salvatierra.<\/p>\n<p style=\"text-align: justify;\">Yo tuve que presentar un recurso abstracto de inconstitucionalidad, present\u00e9 eso y me habilitaron y a todos los que mencion\u00e9. Teniendo siete concejales, resulta que trataron de seducir a dos concejalas, y yo, por hacer algo nuevo, la experiencia, pondr\u00e9 gente joven. Sinceramente, yo no las conoc\u00eda a estas dos concejalas. Hice eso para despolitizar, como dices t\u00fa. Pero por poner gente que no conoc\u00eda, las convencieron y se hicieron de la Presidencia y de la Secretar\u00eda del Concejo.<\/p>\n<p style=\"text-align: justify;\">Te confieso: yo tuve una reuni\u00f3n un d\u00eda antes. Si ellas me hubieran dicho: \u201cManfred, \u00bfyo puedo ser presidenta?\u201d, Hubiera respondido que s\u00ed, adelante, porque la presidenta saliente ya no quer\u00eda por motivos familiares.<\/p>\n<p style=\"text-align: justify;\">Yo creo que ya ten\u00edan un contubernio con el MAS, el mismo Evo Morales, manej\u00e1ndolas, \u00bfpara qu\u00e9? Para decir: \u201cprimero hay que sacar el Concejo y luego a Manfred\u201d. A Morales no le interesa el desarrollo de Cochabamba ni de Bolivia; lo \u00fanico que le interesa es tener el poder. Por todo eso dif\u00edcil despolitizar el tema de la Alcald\u00eda.<\/p>\n<p style=\"text-align: justify;\">&#8211; Los Tiempos cumplir\u00e1 80 a\u00f1os de vida. \u00bfQu\u00e9 piensa del trabajo period\u00edstico?<\/p>\n<p style=\"text-align: justify;\">Sin hablar de egolatr\u00eda, creo que \u00e9ste es uno de los mejores peri\u00f3dicos de Bolivia, por no decir el mejor. Siempre lo ha sido: imparcial y profesional. Yo los he conocido a todos, a Carlos, Coco.<\/p>\n<p style=\"text-align: justify;\">Ahora creo que la situaci\u00f3n est\u00e1 dif\u00edcil para todos los medios de comunicaci\u00f3n desde que se implement\u00f3 internet. Pero creo que hay que continuar adelante. Espero que a Los Tiempos le vaya muy bien, yo creo que siempre va a tener el apoyo de la familia cochabambina.<\/p>\n","protected":false},"excerpt":{"rendered":"<p>Este 14 de septiembre, Cochabamba cumple 213 a\u00f1os de su gesta libertaria. Tras una dura pandemia que merm\u00f3 su econom\u00eda y una crisis pol\u00edtica en el municipio, la Llajta renace. Sin embargo, persisten otras urgencias que con el tiempo se agudizan m\u00e1s: la escasez de agua, la basura, el caos vehicular, el transporte y el [&hellip;]<\/p>\n","protected":false},"author":4,"featured_media":58365,"comment_status":"open","ping_status":"closed","sticky":false,"template":"","format":"standard","meta":{"footnotes":""},"categories":[20,47,48],"tags":[],"class_list":{"0":"post-58364","1":"post","2":"type-post","3":"status-publish","4":"format-standard","5":"has-post-thumbnail","7":"category-actualidad","8":"category-portada-actualidad","9":"category-portada-general-sitio"},"_links":{"self":[{"href":"https:\/\/jms.com.bo\/mediamonitor\/wp-json\/wp\/v2\/posts\/58364","targetHints":{"allow":["GET"]}}],"collection":[{"href":"https:\/\/jms.com.bo\/mediamonitor\/wp-json\/wp\/v2\/posts"}],"about":[{"href":"https:\/\/jms.com.bo\/mediamonitor\/wp-json\/wp\/v2\/types\/post"}],"author":[{"embeddable":true,"href":"https:\/\/jms.com.bo\/mediamonitor\/wp-json\/wp\/v2\/users\/4"}],"replies":[{"embeddable":true,"href":"https:\/\/jms.com.bo\/mediamonitor\/wp-json\/wp\/v2\/comments?post=58364"}],"version-history":[{"count":0,"href":"https:\/\/jms.com.bo\/mediamonitor\/wp-json\/wp\/v2\/posts\/58364\/revisions"}],"wp:featuredmedia":[{"embeddable":true,"href":"https:\/\/jms.com.bo\/mediamonitor\/wp-json\/wp\/v2\/media\/58365"}],"wp:attachment":[{"href":"https:\/\/jms.com.bo\/mediamonitor\/wp-json\/wp\/v2\/media?parent=58364"}],"wp:term":[{"taxonomy":"category","embeddable":true,"href":"https:\/\/jms.com.bo\/mediamonitor\/wp-json\/wp\/v2\/categories?post=58364"},{"taxonomy":"post_tag","embeddable":true,"href":"https:\/\/jms.com.bo\/mediamonitor\/wp-json\/wp\/v2\/tags?post=58364"}],"curies":[{"name":"wp","href":"https:\/\/api.w.org\/{rel}","templated":true}]}}