{"id":58366,"date":"2023-09-13T08:40:31","date_gmt":"2023-09-13T12:40:31","guid":{"rendered":"https:\/\/jms.com.bo\/mediamonitor\/2023\/09\/13\/la-huelga-del-mas-en-la-asamblea-registra-cuatro-bajas-y-se-suman-otros-piquetes\/"},"modified":"2023-09-13T08:40:31","modified_gmt":"2023-09-13T12:40:31","slug":"la-huelga-del-mas-en-la-asamblea-registra-cuatro-bajas-y-se-suman-otros-piquetes","status":"publish","type":"post","link":"https:\/\/jms.com.bo\/mediamonitor\/2023\/09\/13\/la-huelga-del-mas-en-la-asamblea-registra-cuatro-bajas-y-se-suman-otros-piquetes\/","title":{"rendered":"La huelga del MAS en la Asamblea registra cuatro bajas y se suman otros piquetes"},"content":{"rendered":"<p style=\"text-align: justify;\">Tras siete d\u00edas de huelga de hambre en la Asamblea Legislativa en demanda de la aprobaci\u00f3n de la ley transitoria para las judiciales, los diputados H\u00e9ctor Arce, Pedro Francisco Coro, Gabriel Colque y Soledad P\u00e9rez, del ala evista del Movimiento Al Socialismo (MAS), fueron evacuados este martes por param\u00e9dicos.<\/p>\n<p style=\"text-align: justify;\">\u201cA la poblaci\u00f3n boliviana, estos diputados est\u00e1n ac\u00e1 (en la Asamblea) para defender el derecho que tiene a elegir sus jueces y magistrados. No hay justicia en Bolivia, la justicia es para el rico (y) no para el pobre. Queremos estar hasta el \u00faltimo, pero el cuerpo ya no da. Estamos mal, invitamos a todas las v\u00edctimas que no tienen justicia a que vengan, apoyen a mis hermanos diputados\u201d, dijo la diputada P\u00e9rez antes de ser trasladada a un centro m\u00e9dico.<\/p>\n<p style=\"text-align: justify;\">La pasada semana, al menos 20 diputados del MAS ingresaron a una huelga de hambre y otros se sumaron esta semana en demanda de que el proyecto de Ley transitoria para las elecciones judiciales 2023-2024 sea aprobado por dispensaci\u00f3n de tr\u00e1mite en la C\u00e1mara de Diputados.<\/p>\n<p style=\"text-align: justify;\">La Comisi\u00f3n de Constituci\u00f3n de esa instancia legislativa envi\u00f3 el proyecto a consulta a los \u00f3rganos Ejecutivo, Electoral y Judicial, adem\u00e1s del Tribunal Constitucional Plurinacional (TCP) para su respectivo an\u00e1lisis. El 31 de agosto, el proyecto de ley fue aprobado por el Senado y se remitido a la C\u00e1mara de Diputados para su revisi\u00f3n.<\/p>\n<p style=\"text-align: justify;\">Los diputados que se encuentran en esta medida ratificaron este martes que no levantar\u00e1n la huelga de hambre y pidieron al presidente nato de la Asamblea, David Choquehuanca, pronunciarse y dar su compromiso para convocar y zanjar este tema.<\/p>\n<p style=\"text-align: justify;\">\u201cNuestros hermanos quienes nos escriben, est\u00e1n preocupados por esta situaci\u00f3n y no nos va a quedar (m\u00e1s que) quejarnos al pueblo boliviano y que estos se\u00f1ores cumplan con el mandato de la Constituci\u00f3n Pol\u00edtica del Estado\u201d, dijo el diputado Gualberto Arispe.<\/p>\n<p style=\"text-align: justify;\">Radicalizaci\u00f3n<\/p>\n<p style=\"text-align: justify;\">El lunes, la medida se radicaliz\u00f3 con el tapiado de cuatro diputados, entre ellos H\u00e9ctor Arce, Santos Mamani, Ren\u00e1n Cabezas y Boris Colque. Tambi\u00e9n 10 integrantes de la Confederaci\u00f3n Sindical \u00danica de Trabajadores Campesinos de Bolivia (CSUTCB) af\u00edn al expresidente y jefe del Movimiento Al Socialismo (MAS), Evo Morales, se sumaron a la huelga de hambre en apoyo a la demanda de los parlamentarios.<\/p>\n<p style=\"text-align: justify;\">La tarde de este martes, asamble\u00edstas nacionales y departamentales del ala evista de Cochabamba instalaron tambi\u00e9n una huelga de hambre. Un grupo de parlamentarios activ\u00f3 su piquete en la Brigada Parlamentaria y otro en la Asamblea Legislativa Departamental (ALD).<\/p>\n<p style=\"text-align: justify;\">Tambi\u00e9n, las concejalas por el MAS en El Alto Fabiola Furuya y Wilma Alanoca instalaron un piquete de huelga en el Concejo de aquel municipio.<\/p>\n<p style=\"text-align: justify;\">Petici\u00f3n<\/p>\n<p style=\"text-align: justify;\">El jefe de bancada del MAS, Andr\u00e9s Flores, lament\u00f3 la actitud de estos diputados, y dijo que sin una raz\u00f3n justificada decidieron tomar las instalaciones de la Asamblea.<\/p>\n<p style=\"text-align: justify;\">\u201cSus pedidos y exigencias se tornan irracionales, debido a que en un inicio exig\u00edan el tratamiento de elecciones judiciales; sin embargo, al haberse atendido sus peticiones e insertado en la agenda semanal el tratamiento de este proyecto de ley, ahora con el fin de seguir en su show pol\u00edtico toman las instalaciones de la Asamblea para impedir que se pueda convocar la sesi\u00f3n ordinaria esta semana para tratar el dicho proyecto de ley\u201d, sostuvo el legislador.<\/p>\n","protected":false},"excerpt":{"rendered":"<p>Tras siete d\u00edas de huelga de hambre en la Asamblea Legislativa en demanda de la aprobaci\u00f3n de la ley transitoria para las judiciales, los diputados H\u00e9ctor Arce, Pedro Francisco Coro, Gabriel Colque y Soledad P\u00e9rez, del ala evista del Movimiento Al Socialismo (MAS), fueron evacuados este martes por param\u00e9dicos. \u201cA la poblaci\u00f3n boliviana, estos diputados [&hellip;]<\/p>\n","protected":false},"author":4,"featured_media":58367,"comment_status":"open","ping_status":"closed","sticky":false,"template":"","format":"standard","meta":{"footnotes":""},"categories":[18],"tags":[],"class_list":{"0":"post-58366","1":"post","2":"type-post","3":"status-publish","4":"format-standard","5":"has-post-thumbnail","7":"category-politica"},"_links":{"self":[{"href":"https:\/\/jms.com.bo\/mediamonitor\/wp-json\/wp\/v2\/posts\/58366","targetHints":{"allow":["GET"]}}],"collection":[{"href":"https:\/\/jms.com.bo\/mediamonitor\/wp-json\/wp\/v2\/posts"}],"about":[{"href":"https:\/\/jms.com.bo\/mediamonitor\/wp-json\/wp\/v2\/types\/post"}],"author":[{"embeddable":true,"href":"https:\/\/jms.com.bo\/mediamonitor\/wp-json\/wp\/v2\/users\/4"}],"replies":[{"embeddable":true,"href":"https:\/\/jms.com.bo\/mediamonitor\/wp-json\/wp\/v2\/comments?post=58366"}],"version-history":[{"count":0,"href":"https:\/\/jms.com.bo\/mediamonitor\/wp-json\/wp\/v2\/posts\/58366\/revisions"}],"wp:featuredmedia":[{"embeddable":true,"href":"https:\/\/jms.com.bo\/mediamonitor\/wp-json\/wp\/v2\/media\/58367"}],"wp:attachment":[{"href":"https:\/\/jms.com.bo\/mediamonitor\/wp-json\/wp\/v2\/media?parent=58366"}],"wp:term":[{"taxonomy":"category","embeddable":true,"href":"https:\/\/jms.com.bo\/mediamonitor\/wp-json\/wp\/v2\/categories?post=58366"},{"taxonomy":"post_tag","embeddable":true,"href":"https:\/\/jms.com.bo\/mediamonitor\/wp-json\/wp\/v2\/tags?post=58366"}],"curies":[{"name":"wp","href":"https:\/\/api.w.org\/{rel}","templated":true}]}}