{"id":58370,"date":"2023-09-13T08:43:39","date_gmt":"2023-09-13T12:43:39","guid":{"rendered":"https:\/\/jms.com.bo\/mediamonitor\/2023\/09\/13\/la-falta-de-agua-llega-al-tropico-y-6-mil-hectareas-de-frutales-estan-en-riesgo\/"},"modified":"2023-09-13T08:43:39","modified_gmt":"2023-09-13T12:43:39","slug":"la-falta-de-agua-llega-al-tropico-y-6-mil-hectareas-de-frutales-estan-en-riesgo","status":"publish","type":"post","link":"https:\/\/jms.com.bo\/mediamonitor\/2023\/09\/13\/la-falta-de-agua-llega-al-tropico-y-6-mil-hectareas-de-frutales-estan-en-riesgo\/","title":{"rendered":"La falta de agua llega al tr\u00f3pico y 6 mil hect\u00e1reas de frutales est\u00e1n en riesgo"},"content":{"rendered":"<p style=\"text-align: justify;\">La sequ\u00eda se extiende al tr\u00f3pico de Cochabamba, donde 6 mil hect\u00e1reas de banano y pi\u00f1a est\u00e1n en riesgo de perderse; adem\u00e1s, los productores reportan que la temperatura lleg\u00f3 a los 43 grados cent\u00edgrados. En tanto, la C\u00e1mara Agropecuaria del Oriente (CAO) se\u00f1ala que los cultivos en la parte este de Santa Cruz presentan estr\u00e9s h\u00eddrico y podr\u00eda haber problemas a corto plazo.<\/p>\n<p style=\"text-align: justify;\">El presidente de la C\u00e1mara Agropecuaria de Cochabamba (CAC) y representante de los productores bananeros, Agust\u00edn Conde, se\u00f1ala que en el Chapare los peque\u00f1os arroyos y pozos de riesgo se han secado. A eso se suma las altas temperaturas que han llegado a m\u00e1ximos hist\u00f3ricos de hasta 43 grados cent\u00edgrados.<\/p>\n<p style=\"text-align: justify;\">\u201cEl a\u00f1o pasado registramos 42 grados; ahora estamos en 43 grados. Como la temperatura es m\u00e1s alta, la fruta empieza a secarse y nosotros tenemos que cortarla para refrigerarla porque de lo contrario se seca\u201d, dice Conde.<\/p>\n<p style=\"text-align: justify;\">En contrapartida, el director regional del Servicio Nacional de Meteorolog\u00eda e Hidrolog\u00eda (Senamhi), Erick Sossa, informa que sus estaciones de medici\u00f3n registraron m\u00e1ximos de 36 grados cent\u00edgrados en el tr\u00f3pico. \u201cNo conozco la t\u00e9cnica de medici\u00f3n que usan los productores bananeros\u201d, indica.<\/p>\n<p style=\"text-align: justify;\">El expresidente de la CAO, Oscar Mario Justiniano, se\u00f1al\u00f3 que los productores agropecuarios de Santa Cruz reportan poca afectaci\u00f3n debido a que se tuvo un \u201cinvierno h\u00famedo\u201d; sin embargo, no descarta que a corto plazo la situaci\u00f3n se agrave.<\/p>\n<p style=\"text-align: justify;\">\u201cHay falta de agua, todav\u00eda no hay reportes cr\u00edticos, no hay afectaci\u00f3n importante en el sector agropecuario, estamos en temporada seca y se hacen preparativos para el acopio de forraje. Hay estr\u00e9s h\u00eddrico que afecta a cultivos de sorgo, girasol, trigo, ma\u00edz y soya\u201d, menciona.<\/p>\n<p style=\"text-align: justify;\">Explica que los ganaderos en la parte sur del departamento suelen ser los m\u00e1s afectados, pero no hubo reportes de sequ\u00eda en atajados. \u201cCada a\u00f1o es reiterativa la sequ\u00eda, principalmente en la zona ganadera del sur, por la cercan\u00eda con el Chaco boliviano, donde hay menos agua y es m\u00e1s caluroso\u201d, se\u00f1ala.<\/p>\n<p style=\"text-align: justify;\">Seg\u00fan el Gobierno nacional, la sequ\u00eda golpea a unos 290 municipios en todo el pa\u00eds. La ciudad de Potos\u00ed vive una situaci\u00f3n cr\u00edtica en 10 de sus distritos, donde se env\u00eda agua en cisternas para el consumo humano. En La Paz, el nivel del lago Titicaca est\u00e1 en sus \u00edndices m\u00e1s bajos de los \u00faltimos a\u00f1os.<\/p>\n","protected":false},"excerpt":{"rendered":"<p>La sequ\u00eda se extiende al tr\u00f3pico de Cochabamba, donde 6 mil hect\u00e1reas de banano y pi\u00f1a est\u00e1n en riesgo de perderse; adem\u00e1s, los productores reportan que la temperatura lleg\u00f3 a los 43 grados cent\u00edgrados. En tanto, la C\u00e1mara Agropecuaria del Oriente (CAO) se\u00f1ala que los cultivos en la parte este de Santa Cruz presentan estr\u00e9s [&hellip;]<\/p>\n","protected":false},"author":4,"featured_media":58371,"comment_status":"open","ping_status":"closed","sticky":false,"template":"","format":"standard","meta":{"footnotes":""},"categories":[25],"tags":[],"class_list":{"0":"post-58370","1":"post","2":"type-post","3":"status-publish","4":"format-standard","5":"has-post-thumbnail","7":"category-economia"},"_links":{"self":[{"href":"https:\/\/jms.com.bo\/mediamonitor\/wp-json\/wp\/v2\/posts\/58370","targetHints":{"allow":["GET"]}}],"collection":[{"href":"https:\/\/jms.com.bo\/mediamonitor\/wp-json\/wp\/v2\/posts"}],"about":[{"href":"https:\/\/jms.com.bo\/mediamonitor\/wp-json\/wp\/v2\/types\/post"}],"author":[{"embeddable":true,"href":"https:\/\/jms.com.bo\/mediamonitor\/wp-json\/wp\/v2\/users\/4"}],"replies":[{"embeddable":true,"href":"https:\/\/jms.com.bo\/mediamonitor\/wp-json\/wp\/v2\/comments?post=58370"}],"version-history":[{"count":0,"href":"https:\/\/jms.com.bo\/mediamonitor\/wp-json\/wp\/v2\/posts\/58370\/revisions"}],"wp:featuredmedia":[{"embeddable":true,"href":"https:\/\/jms.com.bo\/mediamonitor\/wp-json\/wp\/v2\/media\/58371"}],"wp:attachment":[{"href":"https:\/\/jms.com.bo\/mediamonitor\/wp-json\/wp\/v2\/media?parent=58370"}],"wp:term":[{"taxonomy":"category","embeddable":true,"href":"https:\/\/jms.com.bo\/mediamonitor\/wp-json\/wp\/v2\/categories?post=58370"},{"taxonomy":"post_tag","embeddable":true,"href":"https:\/\/jms.com.bo\/mediamonitor\/wp-json\/wp\/v2\/tags?post=58370"}],"curies":[{"name":"wp","href":"https:\/\/api.w.org\/{rel}","templated":true}]}}