{"id":58378,"date":"2023-09-13T08:49:00","date_gmt":"2023-09-13T12:49:00","guid":{"rendered":"https:\/\/jms.com.bo\/mediamonitor\/2023\/09\/13\/diputado-de-creemos-denuncia-tendido-electrico-dentro-del-area-de-conservacion-guenda-urubo\/"},"modified":"2023-09-13T08:49:00","modified_gmt":"2023-09-13T12:49:00","slug":"diputado-de-creemos-denuncia-tendido-electrico-dentro-del-area-de-conservacion-guenda-urubo","status":"publish","type":"post","link":"https:\/\/jms.com.bo\/mediamonitor\/2023\/09\/13\/diputado-de-creemos-denuncia-tendido-electrico-dentro-del-area-de-conservacion-guenda-urubo\/","title":{"rendered":"Diputado de Creemos denuncia tendido el\u00e9ctrico dentro del \u00e1rea de conservaci\u00f3n G\u00fcend\u00e1 Urub\u00f3"},"content":{"rendered":"<p style=\"text-align: justify;\">El legislador por Creemos, y presidente de la Brigada Parlamentaria, Richard Ribera, denunci\u00f3 que en la Unidad de Conservaci\u00f3n del Patrimonio Natural (UCPN) G\u00fcend\u00e1 Urub\u00f3, donde se pretende construir la carretera de ABC, el tramo Las Cruces &#8211; Buena Vista, tambi\u00e9n se estar\u00eda garantizando un tendido el\u00e9ctrico por encima del \u00e1rea protegida departamental.<\/p>\n<p style=\"text-align: justify;\">\u201cSe est\u00e1 da\u00f1ando al medio ambiente\u201d, se\u00f1al\u00f3 la autoridad, que realiz\u00f3 una inspecci\u00f3n en el lugar y pudo constatar el tendido el\u00e9ctrico de 500 kilovatios, y que est\u00e1 siendo instalado en zona no permitida.<\/p>\n<p style=\"text-align: justify;\">Ribera indic\u00f3 que ya solicit\u00f3 un informe al Ministerio de Medio ambiente y Agua (MMAyA) para que explique por qu\u00e9 autoriz\u00f3 a la Empresa Nacional de Electricidad Bolivia (ENDE) la instalaci\u00f3n de este tendido.<\/p>\n<p style=\"text-align: justify;\">Seis alternativas<br \/>\nInicialmente eran cinco las propuestas alternativas a la pol\u00e9mica carretera Km 13 &#8211; Las Cruces &#8211; Buena Vista, planteada por la ABC, pero hasta el momento, al menos p\u00fablicamente, ya se sabe de la existencia de seis, dato que fue confirmado por el vicegobernador Mario Aguilera.<\/p>\n<p style=\"text-align: justify;\">Al comienzo, eran cuatro propuestas de la Gobernaci\u00f3n de Santa Cruz, y una del experto en ingenier\u00eda hidr\u00e1ulica, Juan Carlos Sauma, considerada la m\u00e1s conservacionista.<\/p>\n<p style=\"text-align: justify;\">Por \u00faltimo, se agreg\u00f3 una propuesta ciudadana, que si bien cruza por un extremo de la UCPN, impacta menos que el trazo de la ABC, que pasaba por la puerta de una urbanizaci\u00f3n \u2018fantasma\u2019, llamada La Casualidad, que no cuenta con aprobaci\u00f3n alguna, tal como se evidenci\u00f3 en una investigaci\u00f3n de EL DEBER.<\/p>\n<p style=\"text-align: justify;\">Esta reciente alternativa pasar\u00eda cerca de una urbanizaci\u00f3n, Firenze Toscana, y por otros predios privados. Se dijo que sobre esa propuesta estaba negociando la Gobernaci\u00f3n de Santa Cruz, cosa que se consult\u00f3 con los dos secretarios a cargo, Pablo Sauto, de Medio Ambiente, y Edgar Land\u00edvar, de Desarrollo Econ\u00f3mico, pero ninguno confirm\u00f3 o neg\u00f3.<\/p>\n<p style=\"text-align: justify;\">Sigue la presi\u00f3n<br \/>\nHoy, a partir de las 16:00 horas, en instalaciones de la Administradora Boliviana de Carreteras (ABC) en la capital cruce\u00f1a, la Gobernaci\u00f3n y el Gobierno nacional instalar\u00e1n las mesas t\u00e9cnicas para abordar el proyecto de la construcci\u00f3n de la carretera, a fin de continuar con el di\u00e1logo que se<br \/>\ninstal\u00f3 el lunes en La Paz.<\/p>\n<p style=\"text-align: justify;\">Por su parte, la Central Sindical \u00danica de Trabajadores Campesinos de Buena Vista anunci\u00f3 ayer que, en asamblea, se determin\u00f3 entrar en vigilia hasta las 10:00 de este mi\u00e9rcoles, y a partir de esa hora se instalar\u00e1 el bloqueo de la carretera al ingreso de ese<br \/>\nmunicipio.<\/p>\n<p style=\"text-align: justify;\">Entre otros puntos, exigen a \u201cla Gobernaci\u00f3n y al ministro de Planificaci\u00f3n que hagan conocer los alcances de las mesas t\u00e9cnicas, los tiempos para dar una soluci\u00f3n definitiva y hacerles llegar un cronograma de trabajo para que este tema no se dilate\u201d, y as\u00ed llegar a la ratificaci\u00f3n del convenio intergubernativo, y posterior licitaci\u00f3n.<\/p>\n<p style=\"text-align: justify;\">Ministro Cusicanqui<br \/>\nHace poco se dio a conocer otra carta notariada, enviada por el experto hidr\u00e1ulico, Juan Carlos Sauma, al Ministerio de Planificaci\u00f3n del Desarrollo, espec\u00edficamente al ministro Sergio Cusicanqui.<\/p>\n<p style=\"text-align: justify;\">En la misiva, recibida el 30 de noviembre de 2022, Sauma da a conocer la alternativa de m\u00e1xima conservaci\u00f3n ambiental para la<br \/>\ncarretera, la que esquiva el Parque Ambor\u00f3 y la UCPN.<\/p>\n<p style=\"text-align: justify;\">MARCHA<br \/>\nLa Facultad de Ciencias Exactas y Tecnolog\u00eda de la Universidad Aut\u00f3noma Gabriel Ren\u00e9 Moreno (UAGRM) convoc\u00f3 para este jueves 14 de septiembre, a las 17:00 horas, a una marcha de docentes y estudiantes, en defensa de los acu\u00edferos. La concentraci\u00f3n ser\u00e1 en la avenida Busch, esquina segundo anillo.<\/p>\n<p style=\"text-align: justify;\">OTRAS URBANIZACIONES<br \/>\n\u2018Fantasmas\u2019 existen en la zona, seg\u00fan los que han recorrido en varias inspecciones, y que a\u00fan no han sido puestas en evidencia.<\/p>\n","protected":false},"excerpt":{"rendered":"<p>El legislador por Creemos, y presidente de la Brigada Parlamentaria, Richard Ribera, denunci\u00f3 que en la Unidad de Conservaci\u00f3n del Patrimonio Natural (UCPN) G\u00fcend\u00e1 Urub\u00f3, donde se pretende construir la carretera de ABC, el tramo Las Cruces &#8211; Buena Vista, tambi\u00e9n se estar\u00eda garantizando un tendido el\u00e9ctrico por encima del \u00e1rea protegida departamental. \u201cSe est\u00e1 [&hellip;]<\/p>\n","protected":false},"author":4,"featured_media":58379,"comment_status":"open","ping_status":"closed","sticky":false,"template":"","format":"standard","meta":{"footnotes":""},"categories":[39,44,48],"tags":[],"class_list":{"0":"post-58378","1":"post","2":"type-post","3":"status-publish","4":"format-standard","5":"has-post-thumbnail","7":"category-energia","8":"category-portada-energia","9":"category-portada-general-sitio"},"_links":{"self":[{"href":"https:\/\/jms.com.bo\/mediamonitor\/wp-json\/wp\/v2\/posts\/58378","targetHints":{"allow":["GET"]}}],"collection":[{"href":"https:\/\/jms.com.bo\/mediamonitor\/wp-json\/wp\/v2\/posts"}],"about":[{"href":"https:\/\/jms.com.bo\/mediamonitor\/wp-json\/wp\/v2\/types\/post"}],"author":[{"embeddable":true,"href":"https:\/\/jms.com.bo\/mediamonitor\/wp-json\/wp\/v2\/users\/4"}],"replies":[{"embeddable":true,"href":"https:\/\/jms.com.bo\/mediamonitor\/wp-json\/wp\/v2\/comments?post=58378"}],"version-history":[{"count":0,"href":"https:\/\/jms.com.bo\/mediamonitor\/wp-json\/wp\/v2\/posts\/58378\/revisions"}],"wp:featuredmedia":[{"embeddable":true,"href":"https:\/\/jms.com.bo\/mediamonitor\/wp-json\/wp\/v2\/media\/58379"}],"wp:attachment":[{"href":"https:\/\/jms.com.bo\/mediamonitor\/wp-json\/wp\/v2\/media?parent=58378"}],"wp:term":[{"taxonomy":"category","embeddable":true,"href":"https:\/\/jms.com.bo\/mediamonitor\/wp-json\/wp\/v2\/categories?post=58378"},{"taxonomy":"post_tag","embeddable":true,"href":"https:\/\/jms.com.bo\/mediamonitor\/wp-json\/wp\/v2\/tags?post=58378"}],"curies":[{"name":"wp","href":"https:\/\/api.w.org\/{rel}","templated":true}]}}