{"id":58393,"date":"2023-09-14T07:22:37","date_gmt":"2023-09-14T11:22:37","guid":{"rendered":"https:\/\/jms.com.bo\/mediamonitor\/2023\/09\/14\/extienden-la-campana-de-vacunacion-antirrabica-hasta-el-30-de-septiembre\/"},"modified":"2023-09-14T07:22:37","modified_gmt":"2023-09-14T11:22:37","slug":"extienden-la-campana-de-vacunacion-antirrabica-hasta-el-30-de-septiembre","status":"publish","type":"post","link":"https:\/\/jms.com.bo\/mediamonitor\/2023\/09\/14\/extienden-la-campana-de-vacunacion-antirrabica-hasta-el-30-de-septiembre\/","title":{"rendered":"Extienden la campa\u00f1a de vacunaci\u00f3n antirr\u00e1bica hasta el 30 de septiembre"},"content":{"rendered":"<div>\n<p>Max Enr\u00edquez, viceministro de Promoci\u00f3n y Vigilancia Epidemiol\u00f3gica, inform\u00f3\u00a0<b>que la campa\u00f1a de vacunaci\u00f3n antirr\u00e1bica continuar\u00e1 hasta el 30 de septiembre,<\/b>\u00a0por lo que inst\u00f3 a la poblaci\u00f3n a hacer vacunar a las mascotas.<\/p>\n<\/div>\n<div>\n<p><b>Se\u00f1al\u00f3 que con la segunda fase de la campa\u00f1a se pretende llegar a inmunizar al 85% de la poblaci\u00f3n canina y felina.<\/b><\/p>\n<p>\u201cReflexionamos a la poblaci\u00f3n que a\u00fan no ha llevado a su perrito o gatito, que su tenencia\u00a0<b>de las mascotas es tambi\u00e9n tener responsabilidad con ellas y garantizarles su salud\u201d,\u00a0<\/b>enfatiz\u00f3 Enr\u00edquez.<\/p>\n<p>Resalt\u00f3 que ante los casos de rabia que se registraron en el territorio nacional, 123 en lo que va del a\u00f1o, es importante que las mascotas est\u00e9n protegidas para prevenir la enfermedad y evitar que se siga diseminando.<\/p>\n<p>El funcionario inform\u00f3 que durante la campa\u00f1a de vacunaci\u00f3n en la primera fase,\u00a0<b>que se desarroll\u00f3 el fin de semana pasado, se super\u00f3 los 2,4 millones de mascotas, entre canes y gatos, que representa el 81% y se prev\u00e9 cubrir el 4% restante\u00a0<\/b>en las pr\u00f3ximas jornadas.<\/p>\n<p>\u201cHay lugares establecidos en los municipios donde hay vacunas disponibles y esperamos superar el 85% que nos propusimos\u201d, dijo la autoridad.<\/p>\n<p>Adem\u00e1s,\u00a0<b>se movilizar\u00e1n tambi\u00e9n brigadas para la vacunaci\u00f3n en barrios alejados de los municipios del pa\u00eds.<\/b><\/p>\n<p>Enr\u00edquez inform\u00f3 tambi\u00e9n que, durante todo el a\u00f1o, est\u00e1n abiertos los Centros de Zoonosis Municipales que disponen de la vacuna antirr\u00e1bica para las mascotas que lo necesiten.<\/p>\n<\/div>\n","protected":false},"excerpt":{"rendered":"<p>Max Enr\u00edquez, viceministro de Promoci\u00f3n y Vigilancia Epidemiol\u00f3gica, inform\u00f3\u00a0que la campa\u00f1a de vacunaci\u00f3n antirr\u00e1bica continuar\u00e1 hasta el 30 de septiembre,\u00a0por lo que inst\u00f3 a la poblaci\u00f3n a hacer vacunar a las mascotas. Se\u00f1al\u00f3 que con la segunda fase de la campa\u00f1a se pretende llegar a inmunizar al 85% de la poblaci\u00f3n canina y felina. \u201cReflexionamos [&hellip;]<\/p>\n","protected":false},"author":1,"featured_media":58394,"comment_status":"open","ping_status":"closed","sticky":false,"template":"","format":"standard","meta":{"footnotes":""},"categories":[53],"tags":[],"class_list":{"0":"post-58393","1":"post","2":"type-post","3":"status-publish","4":"format-standard","5":"has-post-thumbnail","7":"category-salud"},"_links":{"self":[{"href":"https:\/\/jms.com.bo\/mediamonitor\/wp-json\/wp\/v2\/posts\/58393","targetHints":{"allow":["GET"]}}],"collection":[{"href":"https:\/\/jms.com.bo\/mediamonitor\/wp-json\/wp\/v2\/posts"}],"about":[{"href":"https:\/\/jms.com.bo\/mediamonitor\/wp-json\/wp\/v2\/types\/post"}],"author":[{"embeddable":true,"href":"https:\/\/jms.com.bo\/mediamonitor\/wp-json\/wp\/v2\/users\/1"}],"replies":[{"embeddable":true,"href":"https:\/\/jms.com.bo\/mediamonitor\/wp-json\/wp\/v2\/comments?post=58393"}],"version-history":[{"count":0,"href":"https:\/\/jms.com.bo\/mediamonitor\/wp-json\/wp\/v2\/posts\/58393\/revisions"}],"wp:featuredmedia":[{"embeddable":true,"href":"https:\/\/jms.com.bo\/mediamonitor\/wp-json\/wp\/v2\/media\/58394"}],"wp:attachment":[{"href":"https:\/\/jms.com.bo\/mediamonitor\/wp-json\/wp\/v2\/media?parent=58393"}],"wp:term":[{"taxonomy":"category","embeddable":true,"href":"https:\/\/jms.com.bo\/mediamonitor\/wp-json\/wp\/v2\/categories?post=58393"},{"taxonomy":"post_tag","embeddable":true,"href":"https:\/\/jms.com.bo\/mediamonitor\/wp-json\/wp\/v2\/tags?post=58393"}],"curies":[{"name":"wp","href":"https:\/\/api.w.org\/{rel}","templated":true}]}}