{"id":58395,"date":"2023-09-14T07:24:27","date_gmt":"2023-09-14T11:24:27","guid":{"rendered":"https:\/\/jms.com.bo\/mediamonitor\/2023\/09\/14\/bolivia-inicia-campana-de-reflexion-sobre-la-equivoca-condena-mundial-a-la-hoja-de-coca\/"},"modified":"2023-09-14T07:24:27","modified_gmt":"2023-09-14T11:24:27","slug":"bolivia-inicia-campana-de-reflexion-sobre-la-equivoca-condena-mundial-a-la-hoja-de-coca","status":"publish","type":"post","link":"https:\/\/jms.com.bo\/mediamonitor\/2023\/09\/14\/bolivia-inicia-campana-de-reflexion-sobre-la-equivoca-condena-mundial-a-la-hoja-de-coca\/","title":{"rendered":"Bolivia inicia campa\u00f1a de reflexi\u00f3n sobre la \u201cequ\u00edvoca condena\u201d mundial a la hoja de coca"},"content":{"rendered":"<p class=\"paragraph1 g-font-size-16 g-font-size-18--md\">El Gobierno de Bolivia inici\u00f3 este mi\u00e9rcoles una campa\u00f1a para promover la reflexi\u00f3n de la comunidad internacional en torno a la\u00a0<b>\u201cequ\u00edvoca condena\u201d que supuso la inclusi\u00f3n de la hoja de coca en la lista de estupefacientes<\/b>\u00a0de Naciones Unidas y que busca que sea revisada.<\/p>\n<p class=\"paragraph2 g-font-size-16 g-font-size-18--md\">El vicepresidente del pa\u00eds, David Choquehuanca, y el canciller Rogelio Mayta lideraron un acto en La Paz en el que informaron ampliamente ante embajadores y l\u00edderes ind\u00edgenas y sindicales sobre las acciones para la\u00a0<b>\u201cRevisi\u00f3n cr\u00edtica de la clasificaci\u00f3n de la hoja de coca<\/b>\u00a0en la Convenci\u00f3n de Naciones Unidas sobre Estupefacientes de 1961\u201d.<\/p>\n<p class=\"paragraph3 g-font-size-16 g-font-size-18--md\"><b>MIRA AQU\u00cd:\u00a0<a href=\"https:\/\/noticias.unitel.bo\/politica\/presidente-del-tcp-dice-que-el-fallo-sobre-la-reeleccion-que-avalo-la-repostulacion-de-evo-esta-vigente-AA9244417\" target=\"_blank\" rel=\"nofollow noopener noreferrer\">Presidente del TCP dice que el fallo sobre la \u201creelecci\u00f3n\u201d que aval\u00f3 la repostulaci\u00f3n de Evo est\u00e1 vigente<\/a><\/b><\/p>\n<p class=\"paragraph4 g-font-size-16 g-font-size-18--md\">\u201cLo que estamos haciendo es alegar la inocencia de nuestra hoja de coca porque ha sido condenada, se\u00a0<b>la ha se\u00f1alado y se la ha condenado como estupefaciente<\/b>\u00a0en una lista negra, prohibida, como si fuera un veneno\u201d, sostuvo el canciller boliviano.<\/p>\n<p class=\"paragraph5 g-font-size-16 g-font-size-18--md\">La planta fue \u201c<b>condenada sin procedimiento, sin derecho a la defensa<\/b>, en medio del prejuicio, del racismo, de un pensamiento colonial\u201d, sostuvo.<\/p>\n<p class=\"paragraph6 g-font-size-16 g-font-size-18--md\"><b>MIRA AQU\u00cd:\u00a0<a href=\"https:\/\/noticias.unitel.bo\/politica\/elecciones-judiciales-rodriguez-veltze-dice-que-ni-por-decreto-ni-por-ley-se-puede-prorrogar-mandato-de-magistrados-JB9223139\" target=\"_blank\" rel=\"nofollow noopener noreferrer\">Elecciones Judiciales: Rodr\u00edguez Veltz\u00e9 dice que \u201cni por decreto, ni por ley\u201d se puede prorrogar mandato de magistrados<\/a><\/b><\/p>\n<p class=\"paragraph7 g-font-size-16 g-font-size-18--md\">Bolivia pide ahora una \u201crevisi\u00f3n de ese juicio\u201d y de esa \u201ccondena\u201d, ya que la planta \u201c<b>no solamente es inocente de todos los agravios que le achacan<\/b>\u201d, sino que \u201cpuede dar salud, energ\u00eda, esperanza a personas enfermas con deficiencias alimentarias\u201d, enfatiz\u00f3 el ministro.<\/p>\n<p class=\"paragraph8 g-font-size-16 g-font-size-18--md\">Lo que no supone que el pa\u00eds renuncie a sus compromisos en la lucha contra el narcotr\u00e1fico, agreg\u00f3 Mayta, quien tambi\u00e9n consider\u00f3 que el uso legal y tradicional de la hoja de coca \u201c<b>puede ayudar a resolver ese otro gran problema<\/b>\u201d que debe enfrentar la comunidad internacional.<\/p>\n<p class=\"paragraph9 g-font-size-16 g-font-size-18--md\">El canciller record\u00f3 que en junio pasado, Bolivia solicit\u00f3 a las Naciones Unidas la \u201crevisi\u00f3n cr\u00edtica\u201d de la hoja de coca para su desclasificaci\u00f3n de la lista de estupefacientes.<\/p>\n<div class=\"unitelBloquePublicitarioContenido_9 g-my-8\"><\/div>\n<p class=\"paragraph10 g-font-size-16 g-font-size-18--md\">La solicitud fue acompa\u00f1ada por un\u00a0<b>dosier con m\u00e1s de un centenar de textos, investigaciones cient\u00edficas y \u201cevidencias\u201d<\/b>\u00a0sobre los beneficios medicinales de la hoja de coca realizados en las \u00faltimas d\u00e9cadas en Bolivia, Colombia, Per\u00fa y pa\u00edses de Asia y Europa, explic\u00f3 por su parte el secretario general de la Vicepresidencia, Juan Carlos Alurralde.<\/p>\n<p class=\"paragraph11 g-font-size-16 g-font-size-18--md\">Seg\u00fan Mayta, esos documentos est\u00e1n disponibles desde este mi\u00e9rcoles en la p\u00e1gina web de la Canciller\u00eda y las misiones diplom\u00e1ticas bolivianas iniciar\u00e1n una \u201ccampa\u00f1a para transmitir (esta) informaci\u00f3n\u201d.<\/p>\n<p class=\"paragraph12 g-font-size-16 g-font-size-18--md\">Tambi\u00e9n anunci\u00f3 que llegar\u00e1 a las embajadas y organismos acreditados en Bolivia \u201cesta voz del pueblo boliviano que les invita a\u00a0<b>reflexionar sobre la equ\u00edvoca condena a la hoja de coca<\/b>\u00a0para que podamos reparar esa injusticia hist\u00f3rica\u201d.<\/p>\n<p class=\"paragraph13 g-font-size-16 g-font-size-18--md\">El acto estuvo matizado por un ritual de limpieza practicado por \u201camautas\u201d o sabios ind\u00edgenas a las autoridades.<\/p>\n<p class=\"paragraph14 g-font-size-16 g-font-size-18--md\">La hoja de coca est\u00e1 consagrada en la Constituci\u00f3n boliviana vigente desde 2009 por sus usos tradicionales y medicinales, pero\u00a0<b>una parte de la producci\u00f3n se desv\u00eda al narcotr\u00e1fico<\/b>\u00a0para fabricar coca\u00edna.<\/p>\n<p class=\"paragraph15 g-font-size-16 g-font-size-18--md\"><b>Bolivia denunci\u00f3 la Convenci\u00f3n de 1961 en 2011 y se volvi\u00f3 a adherir<\/b>\u00a0dos a\u00f1os despu\u00e9s con una reserva sobre el \u201cacullico\u201d o masticado de la hoja de coca dentro de su territorio.<\/p>\n<p class=\"paragraph16 g-font-size-16 g-font-size-18--md\">En 2017, el pa\u00eds ampli\u00f3 la superficie de los cultivos legales de la planta de 12.000 a 22.000 hect\u00e1reas.<\/p>\n<p class=\"paragraph17 g-font-size-16 g-font-size-18--md\">La Oficina de las Naciones Unidas contra la Droga y el Delito (Unodc) estableci\u00f3 en su informe anual presentado en noviembre del a\u00f1o pasado que los cultivos de hojas de coca se incrementaron en Bolivia en un 4 %, al pasar de 29.400 hect\u00e1reas en 2020 a 30.500 hect\u00e1reas en 2021.<\/p>\n<p class=\"paragraph18 g-font-size-16 g-font-size-18--md\">El Gobierno de Luis Arce present\u00f3 sus propias cifras que indican que la superficie disminuy\u00f3 un 0,7 %, alegando diferencias \u201cmetodol\u00f3gicas\u201d con la Unodc.<\/p>\n","protected":false},"excerpt":{"rendered":"<p>El Gobierno de Bolivia inici\u00f3 este mi\u00e9rcoles una campa\u00f1a para promover la reflexi\u00f3n de la comunidad internacional en torno a la\u00a0\u201cequ\u00edvoca condena\u201d que supuso la inclusi\u00f3n de la hoja de coca en la lista de estupefacientes\u00a0de Naciones Unidas y que busca que sea revisada. El vicepresidente del pa\u00eds, David Choquehuanca, y el canciller Rogelio Mayta [&hellip;]<\/p>\n","protected":false},"author":1,"featured_media":58396,"comment_status":"open","ping_status":"closed","sticky":false,"template":"","format":"standard","meta":{"footnotes":""},"categories":[53],"tags":[],"class_list":{"0":"post-58395","1":"post","2":"type-post","3":"status-publish","4":"format-standard","5":"has-post-thumbnail","7":"category-salud"},"_links":{"self":[{"href":"https:\/\/jms.com.bo\/mediamonitor\/wp-json\/wp\/v2\/posts\/58395","targetHints":{"allow":["GET"]}}],"collection":[{"href":"https:\/\/jms.com.bo\/mediamonitor\/wp-json\/wp\/v2\/posts"}],"about":[{"href":"https:\/\/jms.com.bo\/mediamonitor\/wp-json\/wp\/v2\/types\/post"}],"author":[{"embeddable":true,"href":"https:\/\/jms.com.bo\/mediamonitor\/wp-json\/wp\/v2\/users\/1"}],"replies":[{"embeddable":true,"href":"https:\/\/jms.com.bo\/mediamonitor\/wp-json\/wp\/v2\/comments?post=58395"}],"version-history":[{"count":0,"href":"https:\/\/jms.com.bo\/mediamonitor\/wp-json\/wp\/v2\/posts\/58395\/revisions"}],"wp:featuredmedia":[{"embeddable":true,"href":"https:\/\/jms.com.bo\/mediamonitor\/wp-json\/wp\/v2\/media\/58396"}],"wp:attachment":[{"href":"https:\/\/jms.com.bo\/mediamonitor\/wp-json\/wp\/v2\/media?parent=58395"}],"wp:term":[{"taxonomy":"category","embeddable":true,"href":"https:\/\/jms.com.bo\/mediamonitor\/wp-json\/wp\/v2\/categories?post=58395"},{"taxonomy":"post_tag","embeddable":true,"href":"https:\/\/jms.com.bo\/mediamonitor\/wp-json\/wp\/v2\/tags?post=58395"}],"curies":[{"name":"wp","href":"https:\/\/api.w.org\/{rel}","templated":true}]}}