{"id":58397,"date":"2023-09-14T07:25:23","date_gmt":"2023-09-14T11:25:23","guid":{"rendered":"https:\/\/jms.com.bo\/mediamonitor\/2023\/09\/14\/lagunillas-sin-pasto-ni-agua-el-ganado-y-productores-sufren-por-la-sequia\/"},"modified":"2023-09-14T07:25:23","modified_gmt":"2023-09-14T11:25:23","slug":"lagunillas-sin-pasto-ni-agua-el-ganado-y-productores-sufren-por-la-sequia","status":"publish","type":"post","link":"https:\/\/jms.com.bo\/mediamonitor\/2023\/09\/14\/lagunillas-sin-pasto-ni-agua-el-ganado-y-productores-sufren-por-la-sequia\/","title":{"rendered":"Lagunillas: Sin pasto ni agua, el ganado y productores sufren por la sequ\u00eda"},"content":{"rendered":"<p class=\"paragraph1 g-font-size-16 g-font-size-18--md\">La \u00faltima vez que cay\u00f3 la lluvia en el municipio de Lagunillas, en Santa Cruz, fue hace m\u00e1s de cinco meses, por lo que ahora la sequ\u00eda est\u00e1 afectando al ganado y a los productores de esta zona. El pasto y el agua escasean y\u00a0<b>temen que las p\u00e9rdidas econ\u00f3micas se incrementen considerablemente en las pr\u00f3ximas semanas.<\/b><\/p>\n<p class=\"paragraph2 g-font-size-16 g-font-size-18--md\">En la comunidad La Pe\u00f1a, la laguna del mismo nombre est\u00e1 pr\u00e1cticamente seca.\u00a0<b>Sin la lluvia, el ganado no tiene agua para tomar y el pasto tampoco crece<\/b>. La sequ\u00eda afecta tambi\u00e9n a las plantaciones de ma\u00edz.<\/p>\n<p class=\"paragraph3 g-font-size-16 g-font-size-18--md\">Montando en su caballo y \u2018pecheando\u2019 al ganado, Reinaldo Apurani cuenta que hace meses no llueve y existe la preocupaci\u00f3n por si el ganado se muere.<\/p>\n<p class=\"paragraph4 g-font-size-16 g-font-size-18--md\"><b>\u201cNo hay agua, est\u00e1 todo seco. No hay lluvias. Esta laguna ten\u00eda mucha agua, era una laguna<\/b>, ahora est\u00e1 as\u00ed todo seco\u201d, dijo.<\/p>\n<p class=\"paragraph6 g-font-size-16 g-font-size-18--md\">Ignacio Zambrano es un productor de la zona, lamenta las p\u00e9rdidas que tendr\u00e1n, pues son meses que no llueve y ahora solo les queda minimizar los gastos para que la afectaci\u00f3n no sea mayor.<\/p>\n<p class=\"paragraph7 g-font-size-16 g-font-size-18--md\"><b>\u201cEstamos afectados, no hay pasto, no hay agua. Se me han muerto tres cabezas de ganado<\/b>, que ya est\u00e1 flaco. Esperamos que estos meses llueva algo, aunque ya es muy dif\u00edcil\u201d, coment\u00f3.<\/p>\n<p class=\"paragraph8 g-font-size-16 g-font-size-18--md\">Los municipios de San Rafael, Cuevo, Lagunillas, San Antonio de Lomer\u00edo y Keremba Iyambae (Guti\u00e9rrez)<b>\u00a0se han declarado en desastre por d\u00e9ficit de precipitaci\u00f3n y sequ\u00eda<\/b>. En estas zonas suman m\u00e1s de 9.000 familias afectadas.<\/p>\n","protected":false},"excerpt":{"rendered":"<p>La \u00faltima vez que cay\u00f3 la lluvia en el municipio de Lagunillas, en Santa Cruz, fue hace m\u00e1s de cinco meses, por lo que ahora la sequ\u00eda est\u00e1 afectando al ganado y a los productores de esta zona. El pasto y el agua escasean y\u00a0temen que las p\u00e9rdidas econ\u00f3micas se incrementen considerablemente en las pr\u00f3ximas [&hellip;]<\/p>\n","protected":false},"author":1,"featured_media":58398,"comment_status":"open","ping_status":"closed","sticky":false,"template":"","format":"standard","meta":{"footnotes":""},"categories":[52],"tags":[],"class_list":{"0":"post-58397","1":"post","2":"type-post","3":"status-publish","4":"format-standard","5":"has-post-thumbnail","7":"category-alimentos-agroindustria"},"_links":{"self":[{"href":"https:\/\/jms.com.bo\/mediamonitor\/wp-json\/wp\/v2\/posts\/58397","targetHints":{"allow":["GET"]}}],"collection":[{"href":"https:\/\/jms.com.bo\/mediamonitor\/wp-json\/wp\/v2\/posts"}],"about":[{"href":"https:\/\/jms.com.bo\/mediamonitor\/wp-json\/wp\/v2\/types\/post"}],"author":[{"embeddable":true,"href":"https:\/\/jms.com.bo\/mediamonitor\/wp-json\/wp\/v2\/users\/1"}],"replies":[{"embeddable":true,"href":"https:\/\/jms.com.bo\/mediamonitor\/wp-json\/wp\/v2\/comments?post=58397"}],"version-history":[{"count":0,"href":"https:\/\/jms.com.bo\/mediamonitor\/wp-json\/wp\/v2\/posts\/58397\/revisions"}],"wp:featuredmedia":[{"embeddable":true,"href":"https:\/\/jms.com.bo\/mediamonitor\/wp-json\/wp\/v2\/media\/58398"}],"wp:attachment":[{"href":"https:\/\/jms.com.bo\/mediamonitor\/wp-json\/wp\/v2\/media?parent=58397"}],"wp:term":[{"taxonomy":"category","embeddable":true,"href":"https:\/\/jms.com.bo\/mediamonitor\/wp-json\/wp\/v2\/categories?post=58397"},{"taxonomy":"post_tag","embeddable":true,"href":"https:\/\/jms.com.bo\/mediamonitor\/wp-json\/wp\/v2\/tags?post=58397"}],"curies":[{"name":"wp","href":"https:\/\/api.w.org\/{rel}","templated":true}]}}