{"id":58399,"date":"2023-09-14T07:26:36","date_gmt":"2023-09-14T11:26:36","guid":{"rendered":"https:\/\/jms.com.bo\/mediamonitor\/2023\/09\/14\/ruta-expedita-productores-de-maiz-dictan-cuarto-intermedio-al-bloqueo-de-la-via-santa-cruz-beni\/"},"modified":"2023-09-14T07:26:36","modified_gmt":"2023-09-14T11:26:36","slug":"ruta-expedita-productores-de-maiz-dictan-cuarto-intermedio-al-bloqueo-de-la-via-santa-cruz-beni","status":"publish","type":"post","link":"https:\/\/jms.com.bo\/mediamonitor\/2023\/09\/14\/ruta-expedita-productores-de-maiz-dictan-cuarto-intermedio-al-bloqueo-de-la-via-santa-cruz-beni\/","title":{"rendered":"Ruta expedita: Productores de ma\u00edz dictan cuarto intermedio al bloqueo de la v\u00eda Santa Cruz \u2013 Beni"},"content":{"rendered":"<p class=\"paragraph1 g-font-size-16 g-font-size-18--md\">Tras tres d\u00edas\u00a0<b>consecutivos de bloqueo en la carretera que conecta a Santa Cruz con Beni<\/b>, la ruta vuelve a estar expedita tras\u00a0<b>el cuarto intermedio dictado por los productores de ma\u00edz\u00a0<\/b>que instalaron un bloqueo a la altura de la Planta de Acopio y Almacenamiento de Granos del municipio de San Juli\u00e1n. Adem\u00e1s, el pueblo ayoreo tambi\u00e9n levant\u00f3 el bloqueo que ten\u00edan instalado desde el lunes en Cuatro Ca\u00f1adas.<\/p>\n<p class=\"paragraph2 g-font-size-16 g-font-size-18--md\">Los productores reactivaron sus movilizaciones este mi\u00e9rcoles demandando al Gobierno central los<b>\u00a0pagos pendientes por la venta de ma\u00edz<\/b>\u00a0a la Empresa de Apoyo a la Producci\u00f3n de Alimentos (Emapa), seg\u00fan el reporte de los movilizados que asumen la medida de car\u00e1cter indefinido hasta que las autoridades desembolsen cerca de Bs 30 millones adeudados.<\/p>\n<p class=\"paragraph3 g-font-size-16 g-font-size-18--md\">Seg\u00fan el anuncio del dirigente los productores de ma\u00edz de San Ignacio de Velasco, Wilber Ramos, Emapa debe pagar por<b>\u00a015.000 toneladas de ma\u00edz, monto que asciende a Bs 30 millones,<\/b>\u00a0y denunci\u00f3 que el Gobierno central no asumi\u00f3 los compromisos de pago.<\/p>\n<p class=\"paragraph4 g-font-size-16 g-font-size-18--md\">Ante este escenario, personeros de<b>\u00a0Emapa llegaron para reunirse con los movilizados,<\/b>\u00a0seg\u00fan confirm\u00f3 a UNITEL el dirigente Sim\u00f3n Pastrana, quien sostuvo que se dict\u00f3 el cuarto intermedio mientras se lleva adelante la reuni\u00f3n.<\/p>\n<p class=\"paragraph5 g-font-size-16 g-font-size-18--md\">\u201cEstamos\u00a0<b>contabilizando a cu\u00e1ntos productores ha llegado el pago\u00a0<\/b>y depende de eso si la medida se mantiene o no\u201d, confirm\u00f3 Pastrana al sacar al recluir que la carretera est\u00e1 expedita.<\/p>\n<p class=\"paragraph7 g-font-size-16 g-font-size-18--md\">Asimismo, en el municipio de Cuatro Ca\u00f1adas, los<b>\u00a0miembros del Pueblo Ayoreo impulsaron un bloqueo desde el lunes\u00a0<\/b>exigiendo la construcci\u00f3n de viviendas sociales que fueron prometidas por las autoridades, sumando movilizados de las comunidades de Canaan, Porvenir y Nueva Esperanza.<\/p>\n<p class=\"paragraph8 g-font-size-16 g-font-size-18--md\">No obstante, los ind\u00edgenas llegaron a un acuerdo con la<b>\u00a0Agencia Estatal de Vivienda\u00a0<\/b>este mi\u00e9rcoles para la edificaci\u00f3n de estos espacios contemplados para el mes de diciembre y as\u00ed beneficiar a las comunidades movilizadas. En primera instancia son 20 viviendas las que ser\u00e1n construidas.<\/p>\n<p class=\"paragraph9 g-font-size-16 g-font-size-18--md\">Ante este escenario, desde la\u00a0<b>Terminal Bimodal de la capital cruce\u00f1a<\/b>\u00a0optaron por suspender la salida de buses hacia la capital beniana a la espera de que se flexibilicen las medidas asumidas por estos sectores.<\/p>\n<p class=\"paragraph10 g-font-size-16 g-font-size-18--md\">La afectaci\u00f3n no solo alcanza al transporte de pasajeros, sino tambi\u00e9n a los que se encargan de\u00a0<b>movilizar carga en los municipios mencionados<\/b>\u00a0y regiones aleda\u00f1as, tomando en cuenta el car\u00e1cter productivo de la zona.<\/p>\n","protected":false},"excerpt":{"rendered":"<p>Tras tres d\u00edas\u00a0consecutivos de bloqueo en la carretera que conecta a Santa Cruz con Beni, la ruta vuelve a estar expedita tras\u00a0el cuarto intermedio dictado por los productores de ma\u00edz\u00a0que instalaron un bloqueo a la altura de la Planta de Acopio y Almacenamiento de Granos del municipio de San Juli\u00e1n. Adem\u00e1s, el pueblo ayoreo tambi\u00e9n [&hellip;]<\/p>\n","protected":false},"author":1,"featured_media":58400,"comment_status":"open","ping_status":"closed","sticky":false,"template":"","format":"standard","meta":{"footnotes":""},"categories":[52],"tags":[],"class_list":{"0":"post-58399","1":"post","2":"type-post","3":"status-publish","4":"format-standard","5":"has-post-thumbnail","7":"category-alimentos-agroindustria"},"_links":{"self":[{"href":"https:\/\/jms.com.bo\/mediamonitor\/wp-json\/wp\/v2\/posts\/58399","targetHints":{"allow":["GET"]}}],"collection":[{"href":"https:\/\/jms.com.bo\/mediamonitor\/wp-json\/wp\/v2\/posts"}],"about":[{"href":"https:\/\/jms.com.bo\/mediamonitor\/wp-json\/wp\/v2\/types\/post"}],"author":[{"embeddable":true,"href":"https:\/\/jms.com.bo\/mediamonitor\/wp-json\/wp\/v2\/users\/1"}],"replies":[{"embeddable":true,"href":"https:\/\/jms.com.bo\/mediamonitor\/wp-json\/wp\/v2\/comments?post=58399"}],"version-history":[{"count":0,"href":"https:\/\/jms.com.bo\/mediamonitor\/wp-json\/wp\/v2\/posts\/58399\/revisions"}],"wp:featuredmedia":[{"embeddable":true,"href":"https:\/\/jms.com.bo\/mediamonitor\/wp-json\/wp\/v2\/media\/58400"}],"wp:attachment":[{"href":"https:\/\/jms.com.bo\/mediamonitor\/wp-json\/wp\/v2\/media?parent=58399"}],"wp:term":[{"taxonomy":"category","embeddable":true,"href":"https:\/\/jms.com.bo\/mediamonitor\/wp-json\/wp\/v2\/categories?post=58399"},{"taxonomy":"post_tag","embeddable":true,"href":"https:\/\/jms.com.bo\/mediamonitor\/wp-json\/wp\/v2\/tags?post=58399"}],"curies":[{"name":"wp","href":"https:\/\/api.w.org\/{rel}","templated":true}]}}