{"id":58401,"date":"2023-09-14T07:27:30","date_gmt":"2023-09-14T11:27:30","guid":{"rendered":"https:\/\/jms.com.bo\/mediamonitor\/2023\/09\/14\/bloquean-nuevamente-en-buena-vista-pese-a-instalacion-de-mesas-tecnicas-por-carretera\/"},"modified":"2023-09-14T07:27:30","modified_gmt":"2023-09-14T11:27:30","slug":"bloquean-nuevamente-en-buena-vista-pese-a-instalacion-de-mesas-tecnicas-por-carretera","status":"publish","type":"post","link":"https:\/\/jms.com.bo\/mediamonitor\/2023\/09\/14\/bloquean-nuevamente-en-buena-vista-pese-a-instalacion-de-mesas-tecnicas-por-carretera\/","title":{"rendered":"Bloquean nuevamente en Buena Vista, pese a instalaci\u00f3n de mesas t\u00e9cnicas por carretera"},"content":{"rendered":"<p class=\"paragraph1 g-font-size-16 g-font-size-18--md\">Cerca de las 17:30 de este mi\u00e9rcoles, algunas comunidades instalaron el bloqueo en Buena Vista, a pesar de la reuni\u00f3n que existe entre el Gobierno central y la gobernaci\u00f3n de Santa Cruz para evaluar de manera t\u00e9cnica el trazo de la carretera Santa Cruz &#8211; Las Cruces &#8211; Buena Vista.<\/p>\n<p class=\"paragraph2 g-font-size-16 g-font-size-18--md\"><b>Promontorios de tierra cubren parte de la plataforma<\/b>\u00a0de la carretera. En tanto, el dirigente Fernando Carre\u00f1o explic\u00f3 a UNITEL<b>\u00a0\u201cunos cuantos (pobladores molestos) se arriesgaron\u201d a<\/b>\u00a0bloquear y que no son todas las comunidades.<\/p>\n<p class=\"paragraph3 g-font-size-16 g-font-size-18--md\">Carre\u00f1o admiti\u00f3 que a pesar de la firma de acuerdos, tras que las autoridades cumplieran entregando documentaci\u00f3n, y hab\u00eda instalado las mesas de trabajo,\u00a0<b>el comit\u00e9 de bloqueo determin\u00f3 la extrema medida.<\/b><\/p>\n<p class=\"paragraph5 g-font-size-16 g-font-size-18--md\">Esta tarde, se instal\u00f3 la mesa t\u00e9cnica entre las autoridades con miras a profundizar las labores que den una salida al conflicto por el tramo carretero.<\/p>\n<p class=\"paragraph6 g-font-size-16 g-font-size-18--md\"><b>Las labores se trasladaron a la capital cruce\u00f1a<\/b>\u00a0y el encuentro se lleva adelante en oficinas de la Administradora Boliviana de Carreteras (ABC), teniendo tambi\u00e9n la participaci\u00f3n de personeros del Ministerio de Planificaci\u00f3n y la parte t\u00e9cnica de sectores que intervienen en el conflicto.<\/p>\n","protected":false},"excerpt":{"rendered":"<p>Cerca de las 17:30 de este mi\u00e9rcoles, algunas comunidades instalaron el bloqueo en Buena Vista, a pesar de la reuni\u00f3n que existe entre el Gobierno central y la gobernaci\u00f3n de Santa Cruz para evaluar de manera t\u00e9cnica el trazo de la carretera Santa Cruz &#8211; Las Cruces &#8211; Buena Vista. Promontorios de tierra cubren parte [&hellip;]<\/p>\n","protected":false},"author":1,"featured_media":58402,"comment_status":"open","ping_status":"closed","sticky":false,"template":"","format":"standard","meta":{"footnotes":""},"categories":[49],"tags":[],"class_list":{"0":"post-58401","1":"post","2":"type-post","3":"status-publish","4":"format-standard","5":"has-post-thumbnail","7":"category-social"},"_links":{"self":[{"href":"https:\/\/jms.com.bo\/mediamonitor\/wp-json\/wp\/v2\/posts\/58401","targetHints":{"allow":["GET"]}}],"collection":[{"href":"https:\/\/jms.com.bo\/mediamonitor\/wp-json\/wp\/v2\/posts"}],"about":[{"href":"https:\/\/jms.com.bo\/mediamonitor\/wp-json\/wp\/v2\/types\/post"}],"author":[{"embeddable":true,"href":"https:\/\/jms.com.bo\/mediamonitor\/wp-json\/wp\/v2\/users\/1"}],"replies":[{"embeddable":true,"href":"https:\/\/jms.com.bo\/mediamonitor\/wp-json\/wp\/v2\/comments?post=58401"}],"version-history":[{"count":0,"href":"https:\/\/jms.com.bo\/mediamonitor\/wp-json\/wp\/v2\/posts\/58401\/revisions"}],"wp:featuredmedia":[{"embeddable":true,"href":"https:\/\/jms.com.bo\/mediamonitor\/wp-json\/wp\/v2\/media\/58402"}],"wp:attachment":[{"href":"https:\/\/jms.com.bo\/mediamonitor\/wp-json\/wp\/v2\/media?parent=58401"}],"wp:term":[{"taxonomy":"category","embeddable":true,"href":"https:\/\/jms.com.bo\/mediamonitor\/wp-json\/wp\/v2\/categories?post=58401"},{"taxonomy":"post_tag","embeddable":true,"href":"https:\/\/jms.com.bo\/mediamonitor\/wp-json\/wp\/v2\/tags?post=58401"}],"curies":[{"name":"wp","href":"https:\/\/api.w.org\/{rel}","templated":true}]}}