{"id":58405,"date":"2023-09-14T07:30:05","date_gmt":"2023-09-14T11:30:05","guid":{"rendered":"https:\/\/jms.com.bo\/mediamonitor\/2023\/09\/14\/allegados-a-la-copa-evo-amedrentan-a-funcionarios-del-sin\/"},"modified":"2023-09-14T07:31:58","modified_gmt":"2023-09-14T11:31:58","slug":"allegados-a-la-copa-evo-amedrentan-a-funcionarios-del-sin","status":"publish","type":"post","link":"https:\/\/jms.com.bo\/mediamonitor\/2023\/09\/14\/allegados-a-la-copa-evo-amedrentan-a-funcionarios-del-sin\/","title":{"rendered":"Allegados a la Copa Evo amedrentan a funcionarios del SIN"},"content":{"rendered":"<p class=\"rtejustify\" data-fetch=\"true\">El presidente del Servicio de Impuestos Nacionales (SIN), Mario Caz\u00f3n, denunci\u00f3 que funcionarios de esa entidad fueron amedrentados en Villa Tunari, cuando fueron a fiscalizar la Copa Evo; sin embargo, se constat\u00f3 la venta de entradas y ahora los organizadores tendr\u00e1n que tributar.<\/p>\n<p class=\"rtejustify\">El domingo pasado se inaugur\u00f3 la segunda versi\u00f3n de la Copa Evo. El evento deportivo fue cuestionado en la gesti\u00f3n pasada por no tributar la venta de entradas para presenciar el campeonato. El expresidente Evo Morales rechaz\u00f3 pagar impuestos bajo el argumento de que el campeonato es sin fines de lucro y todo lo recaudado se destina a cubrir los gastos.<\/p>\n<p>&nbsp;<\/p>\n<p>\u201cEn Villa Tunari estaban m\u00e1s de 20 funcionarios de Impuestos Nacionales en las puertas de acceso al estadio. Luego de un cierto tiempo, aparecieron dirigentes y pr\u00e1cticamente pidieron que los servidores p\u00fablicos se retirasen de ese lugar. Inclusive, se\u00f1alaron que no se responsabilizan si es que ocurriese algo con los funcionarios de Impuestos Nacionales. Ante esa informaci\u00f3n, instru\u00ed evitar cualquier situaci\u00f3n y cuidar la integridad de los servidores p\u00fablicos\u201d, indic\u00f3 Caz\u00f3n a DTV.<\/p>\n","protected":false},"excerpt":{"rendered":"<p>El presidente del Servicio de Impuestos Nacionales (SIN), Mario Caz\u00f3n, denunci\u00f3 que funcionarios de esa entidad fueron amedrentados en Villa Tunari, cuando fueron a fiscalizar la Copa Evo; sin embargo, se constat\u00f3 la venta de entradas y ahora los organizadores tendr\u00e1n que tributar. El domingo pasado se inaugur\u00f3 la segunda versi\u00f3n de la Copa Evo. [&hellip;]<\/p>\n","protected":false},"author":1,"featured_media":58406,"comment_status":"open","ping_status":"closed","sticky":false,"template":"","format":"standard","meta":{"footnotes":""},"categories":[20],"tags":[],"class_list":{"0":"post-58405","1":"post","2":"type-post","3":"status-publish","4":"format-standard","5":"has-post-thumbnail","7":"category-actualidad"},"_links":{"self":[{"href":"https:\/\/jms.com.bo\/mediamonitor\/wp-json\/wp\/v2\/posts\/58405","targetHints":{"allow":["GET"]}}],"collection":[{"href":"https:\/\/jms.com.bo\/mediamonitor\/wp-json\/wp\/v2\/posts"}],"about":[{"href":"https:\/\/jms.com.bo\/mediamonitor\/wp-json\/wp\/v2\/types\/post"}],"author":[{"embeddable":true,"href":"https:\/\/jms.com.bo\/mediamonitor\/wp-json\/wp\/v2\/users\/1"}],"replies":[{"embeddable":true,"href":"https:\/\/jms.com.bo\/mediamonitor\/wp-json\/wp\/v2\/comments?post=58405"}],"version-history":[{"count":1,"href":"https:\/\/jms.com.bo\/mediamonitor\/wp-json\/wp\/v2\/posts\/58405\/revisions"}],"predecessor-version":[{"id":58407,"href":"https:\/\/jms.com.bo\/mediamonitor\/wp-json\/wp\/v2\/posts\/58405\/revisions\/58407"}],"wp:featuredmedia":[{"embeddable":true,"href":"https:\/\/jms.com.bo\/mediamonitor\/wp-json\/wp\/v2\/media\/58406"}],"wp:attachment":[{"href":"https:\/\/jms.com.bo\/mediamonitor\/wp-json\/wp\/v2\/media?parent=58405"}],"wp:term":[{"taxonomy":"category","embeddable":true,"href":"https:\/\/jms.com.bo\/mediamonitor\/wp-json\/wp\/v2\/categories?post=58405"},{"taxonomy":"post_tag","embeddable":true,"href":"https:\/\/jms.com.bo\/mediamonitor\/wp-json\/wp\/v2\/tags?post=58405"}],"curies":[{"name":"wp","href":"https:\/\/api.w.org\/{rel}","templated":true}]}}