{"id":58408,"date":"2023-09-14T07:31:43","date_gmt":"2023-09-14T11:31:43","guid":{"rendered":"https:\/\/jms.com.bo\/mediamonitor\/2023\/09\/14\/llueven-criticas-al-ministerio-de-gobierno-por-llevar-a-tiktoker-a-un-operativo-antidrogas\/"},"modified":"2023-09-14T07:31:43","modified_gmt":"2023-09-14T11:31:43","slug":"llueven-criticas-al-ministerio-de-gobierno-por-llevar-a-tiktoker-a-un-operativo-antidrogas","status":"publish","type":"post","link":"https:\/\/jms.com.bo\/mediamonitor\/2023\/09\/14\/llueven-criticas-al-ministerio-de-gobierno-por-llevar-a-tiktoker-a-un-operativo-antidrogas\/","title":{"rendered":"Llueven cr\u00edticas al Ministerio de Gobierno por llevar a &#8216;tiktoker&#8217; a un operativo antidrogas"},"content":{"rendered":"<p>Legisladores y periodistas criticaron al Ministerio de Gobierno y la Fuerza Especial de Lucha Contra el Narcotr\u00e1fico (Felcn) por llevar en helic\u00f3ptero al &#8216;tiktoker&#8217; Juandy a un operativo sobre la destrucci\u00f3n de un laboratorio de droga en una regi\u00f3n del Chapare en Cochabamba.<\/p>\n<p>\u00abSi esto es cierto, entonces los operativos que realiza el Ministerio de Gobierno son un chiste (&#8230;) Esto tiene que investigarse, con raz\u00f3n somos un chiste para todo el mundo. No agarramos a los peces gordos, solo a los chiquitos.\u00bb, cuestion\u00f3 el diputado del Movimiento Al Socialismo (MAS), Patricio Mendoza<\/p>\n<p>El legislador manifest\u00f3 que con este tipo de actitudes del ministro de Gobierno, Eduardo Del Castillo, nunca podr\u00e1n dar con el paradero del narcotraficante uruguayo Sebasti\u00e1n Marset que huy\u00f3 el 29 de julio cuando burl\u00f3 un megaoperativo de la Polic\u00eda para atraparlo en su lujosa casa en Santa Cruz de la Sierra.<\/p>\n<p>\u00abImposible, Marset se ha hecho la burla, la Polic\u00eda ha movilizado m\u00e1s de 2.000 efectivos y Marset sigue haci\u00e9ndose la burla\u00bb, se\u00f1al\u00f3<\/p>\n<p>Indic\u00f3 que hacer Tik Tok no es hacer gesti\u00f3n, sino una \u00abburla\u00bb para la poblaci\u00f3n boliviana porque asegur\u00f3 que un &#8216;tiktoker&#8217; solo hace contenido para hacerse famosos y no para dar informaci\u00f3n ver\u00eddica. E incluso, asegur\u00f3 que este tipo de acciones son para estigmatizar al Tr\u00f3pico de Cochabamba.<\/p>\n<p>\u00abHacer Tik Tok no es hacer gesti\u00f3n (&#8230;), peor si muestran a un tiktoker. Si esto ver\u00eddico, este se\u00f1or (ministro de Gobierno) tendr\u00eda que irse. Un tiktoker no es seguro, cualquier lo hace para hacerse famosos, aqu\u00ed el Ministro deber\u00eda llevar a la prensa, deber\u00eda ser m\u00e1s serio (&#8230;). Est\u00e1n buscando y estigmatizar al Tr\u00f3pico\u00bb, asever\u00f3.<\/p>\n<p>Por su parte, el diputado de la bancada Comunidad Ciudadana (CC), Alejandro Reyes cuestion\u00f3 que el Ministerio de Gobierno haya decidido llevar a un civil a un operativo antidrogas.<\/p>\n<p>\u00abA qui\u00e9n se le ocurre llevar a un tiktoker a la destrucci\u00f3n de una f\u00e1brica de coca\u00edna en Cochabamba, exponiendo su vida, adem\u00e1s exponiendo las identidades de las tropas especiales que acompa\u00f1an este tipo de operaciones inc\u00f3gnitas para hacerle frente a este crimen organizado. Adem\u00e1s est\u00e1 m\u00e1s que claro que no se puede entregar ese tipo secreto de Estado o confidencialidad a un civil\u00bb, remarc\u00f3.<\/p>\n<p>Reyes dijo que no existe una norma que permita contratar a un influencer para promocionar una gesti\u00f3n de Gobierno.<\/p>\n<p>\u00abCu\u00e1les son los gastos y pagos que se ha hecho a este influencer\u00bb, cuestion\u00f3 el legislador, a tiempo de criticar el rol del Ministerio de Gobierno por no captura al narcotraficante Marset.<\/p>\n<p>Varios periodistas tambi\u00e9n expresaron su indiginaci\u00f3n contra la cartera de Gobierno y lamentaron que las autoridades den prioridad a &#8216;tiktoker&#8217; y no a los profesionales de la informaci\u00f3n para la cobertura en el tema de narcotr\u00e1fico.<\/p>\n<p>\u00abEs realmente una pena ver este tipo de cosas, mientras a nosotros como periodistas no se nos respeta ni el horario de las conferencias que convocan\u00bb, protest\u00f3 una periodista.<\/p>\n<p>El video del &#8216;tiktoker&#8217; se difundi\u00f3 este martes.<\/p>\n","protected":false},"excerpt":{"rendered":"<p>Legisladores y periodistas criticaron al Ministerio de Gobierno y la Fuerza Especial de Lucha Contra el Narcotr\u00e1fico (Felcn) por llevar en helic\u00f3ptero al &#8216;tiktoker&#8217; Juandy a un operativo sobre la destrucci\u00f3n de un laboratorio de droga en una regi\u00f3n del Chapare en Cochabamba. \u00abSi esto es cierto, entonces los operativos que realiza el Ministerio de [&hellip;]<\/p>\n","protected":false},"author":1,"featured_media":58409,"comment_status":"open","ping_status":"closed","sticky":false,"template":"","format":"standard","meta":{"footnotes":""},"categories":[20],"tags":[],"class_list":{"0":"post-58408","1":"post","2":"type-post","3":"status-publish","4":"format-standard","5":"has-post-thumbnail","7":"category-actualidad"},"_links":{"self":[{"href":"https:\/\/jms.com.bo\/mediamonitor\/wp-json\/wp\/v2\/posts\/58408","targetHints":{"allow":["GET"]}}],"collection":[{"href":"https:\/\/jms.com.bo\/mediamonitor\/wp-json\/wp\/v2\/posts"}],"about":[{"href":"https:\/\/jms.com.bo\/mediamonitor\/wp-json\/wp\/v2\/types\/post"}],"author":[{"embeddable":true,"href":"https:\/\/jms.com.bo\/mediamonitor\/wp-json\/wp\/v2\/users\/1"}],"replies":[{"embeddable":true,"href":"https:\/\/jms.com.bo\/mediamonitor\/wp-json\/wp\/v2\/comments?post=58408"}],"version-history":[{"count":0,"href":"https:\/\/jms.com.bo\/mediamonitor\/wp-json\/wp\/v2\/posts\/58408\/revisions"}],"wp:featuredmedia":[{"embeddable":true,"href":"https:\/\/jms.com.bo\/mediamonitor\/wp-json\/wp\/v2\/media\/58409"}],"wp:attachment":[{"href":"https:\/\/jms.com.bo\/mediamonitor\/wp-json\/wp\/v2\/media?parent=58408"}],"wp:term":[{"taxonomy":"category","embeddable":true,"href":"https:\/\/jms.com.bo\/mediamonitor\/wp-json\/wp\/v2\/categories?post=58408"},{"taxonomy":"post_tag","embeddable":true,"href":"https:\/\/jms.com.bo\/mediamonitor\/wp-json\/wp\/v2\/tags?post=58408"}],"curies":[{"name":"wp","href":"https:\/\/api.w.org\/{rel}","templated":true}]}}