{"id":58410,"date":"2023-09-14T07:33:05","date_gmt":"2023-09-14T11:33:05","guid":{"rendered":"https:\/\/jms.com.bo\/mediamonitor\/2023\/09\/14\/guaranies-se-declaran-en-emergencia-por-sequia-e-incendios-que-consumen-sus-territorios\/"},"modified":"2023-09-14T07:33:05","modified_gmt":"2023-09-14T11:33:05","slug":"guaranies-se-declaran-en-emergencia-por-sequia-e-incendios-que-consumen-sus-territorios","status":"publish","type":"post","link":"https:\/\/jms.com.bo\/mediamonitor\/2023\/09\/14\/guaranies-se-declaran-en-emergencia-por-sequia-e-incendios-que-consumen-sus-territorios\/","title":{"rendered":"Guaran\u00edes se declaran en emergencia por sequ\u00eda e incendios que consumen sus territorios"},"content":{"rendered":"<div>\n<p><strong>La deforestaci\u00f3n, los incendios y la sequ\u00eda complican a comunidades de la Naci\u00f3n Guaran\u00ed,<\/strong>\u00a0que habitan en la zona del Chaco boliviano, situaci\u00f3n que oblig\u00f3 a<strong>\u00a0declararse en estado de emergencia\u00a0<\/strong>en las \u00faltimas horas.<\/p>\n<\/div>\n<div>\n<p><strong>\u201cEstamos en emergencia nacional e internacional, porque el aire que sale de esta parte de Bolivia contamina al mundo<\/strong>\u00a0y eso tienen que ver todos. Hay una desesperaci\u00f3n, porque se est\u00e1 ampliando los cinturones de pobreza. Queremos una ley que nos ayude a resolver el problema de una vez por todas\u201d, afirma a EL DEBER,\u00a0<strong>el arakua iya, Javier Cruz Butr\u00f3n,<\/strong>\u00a0sabio ind\u00edgena del Consejo Continental de la Naci\u00f3n Guaran\u00ed.<\/p>\n<\/div>\n<div>\n<p><strong>Los guaran\u00edes aseguran que los da\u00f1os causados a la naturaleza son provocados por la mano del hombre<\/strong>, por lo que piden a las autoridades acudir a la zona para que verifiquen la magnitud del problema.<\/p>\n<\/div>\n<div>\n<p><strong>\u201cEl presidente del Estado (Luis Arce) es tambi\u00e9n presidente del Consejo Nacional para la Reducci\u00f3n de Riesgos y Atenci\u00f3n de Desastres y\/o Emergencias (Conarade).<\/strong>\u00a0Otro miembro de esta misma organizaci\u00f3n es el ministro de Defensa Nacional, es por eso que ellos deben bajar a la zona\u201d, indic\u00f3 Cruz.<\/p>\n<\/div>\n<div>\n<p><strong>El guaran\u00ed se\u00f1al\u00f3 que por la efem\u00e9ride de Santa Cruz, el presidente Arce tiene planificado\u00a0<\/strong><strong>recorrer algunas provincias cruce\u00f1as<\/strong>, pero no est\u00e1 contemplada la regi\u00f3n del Chaco, que es \u201cdonde m\u00e1s se lo necesita\u201d.<\/p>\n<\/div>\n<div>\n<p><strong>La Naci\u00f3n Guaran\u00ed est\u00e1 distribuida en 16 municipios del gran Chaco boliviano,<\/strong>\u00a0que pertenecen a los departamentos de Santa Cruz, Tarija y Chuquisaca. En todos, sufren por la sequ\u00eda y los incendios forestales.<\/p>\n<\/div>\n","protected":false},"excerpt":{"rendered":"<p>La deforestaci\u00f3n, los incendios y la sequ\u00eda complican a comunidades de la Naci\u00f3n Guaran\u00ed,\u00a0que habitan en la zona del Chaco boliviano, situaci\u00f3n que oblig\u00f3 a\u00a0declararse en estado de emergencia\u00a0en las \u00faltimas horas. \u201cEstamos en emergencia nacional e internacional, porque el aire que sale de esta parte de Bolivia contamina al mundo\u00a0y eso tienen que ver [&hellip;]<\/p>\n","protected":false},"author":1,"featured_media":58411,"comment_status":"open","ping_status":"closed","sticky":false,"template":"","format":"standard","meta":{"footnotes":""},"categories":[20,47,48],"tags":[],"class_list":{"0":"post-58410","1":"post","2":"type-post","3":"status-publish","4":"format-standard","5":"has-post-thumbnail","7":"category-actualidad","8":"category-portada-actualidad","9":"category-portada-general-sitio"},"_links":{"self":[{"href":"https:\/\/jms.com.bo\/mediamonitor\/wp-json\/wp\/v2\/posts\/58410","targetHints":{"allow":["GET"]}}],"collection":[{"href":"https:\/\/jms.com.bo\/mediamonitor\/wp-json\/wp\/v2\/posts"}],"about":[{"href":"https:\/\/jms.com.bo\/mediamonitor\/wp-json\/wp\/v2\/types\/post"}],"author":[{"embeddable":true,"href":"https:\/\/jms.com.bo\/mediamonitor\/wp-json\/wp\/v2\/users\/1"}],"replies":[{"embeddable":true,"href":"https:\/\/jms.com.bo\/mediamonitor\/wp-json\/wp\/v2\/comments?post=58410"}],"version-history":[{"count":0,"href":"https:\/\/jms.com.bo\/mediamonitor\/wp-json\/wp\/v2\/posts\/58410\/revisions"}],"wp:featuredmedia":[{"embeddable":true,"href":"https:\/\/jms.com.bo\/mediamonitor\/wp-json\/wp\/v2\/media\/58411"}],"wp:attachment":[{"href":"https:\/\/jms.com.bo\/mediamonitor\/wp-json\/wp\/v2\/media?parent=58410"}],"wp:term":[{"taxonomy":"category","embeddable":true,"href":"https:\/\/jms.com.bo\/mediamonitor\/wp-json\/wp\/v2\/categories?post=58410"},{"taxonomy":"post_tag","embeddable":true,"href":"https:\/\/jms.com.bo\/mediamonitor\/wp-json\/wp\/v2\/tags?post=58410"}],"curies":[{"name":"wp","href":"https:\/\/api.w.org\/{rel}","templated":true}]}}