{"id":58412,"date":"2023-09-14T07:34:26","date_gmt":"2023-09-14T11:34:26","guid":{"rendered":"https:\/\/jms.com.bo\/mediamonitor\/2023\/09\/14\/ivan-arias-pide-disculpas-por-mensaje-de-bienvenida-a-la-seleccion-argentina\/"},"modified":"2023-09-14T07:34:26","modified_gmt":"2023-09-14T11:34:26","slug":"ivan-arias-pide-disculpas-por-mensaje-de-bienvenida-a-la-seleccion-argentina","status":"publish","type":"post","link":"https:\/\/jms.com.bo\/mediamonitor\/2023\/09\/14\/ivan-arias-pide-disculpas-por-mensaje-de-bienvenida-a-la-seleccion-argentina\/","title":{"rendered":"Iv\u00e1n Arias pide disculpas por mensaje de bienvenida a la selecci\u00f3n argentina"},"content":{"rendered":"<p class=\"rtejustify\" data-fetch=\"true\">El alcalde de La Paz, Iv\u00e1n Arias, se disculp\u00f3 con la poblaci\u00f3n por las gigantograf\u00edas de bienvenida a la selecci\u00f3n de Argentina, que estaban puestas en varios lugares de la urbe pace\u00f1a.<\/p>\n<p class=\"rtejustify\">Desde el fin de semana, las cr\u00edticas\u00a0 aumentaron contra Arias por su campa\u00f1a, a la que consideraron inadecuada.<\/p>\n<p>&nbsp;<\/p>\n<p class=\"rtejustify\">Asegur\u00f3 que quer\u00eda mostrar una ciudad respetuosa con la selecci\u00f3n campeona de f\u00fatbol.<\/p>\n<p class=\"rtejustify\">\u201cPido perd\u00f3n si se ha dado esta mala interpretaci\u00f3n, pido disculpas, quiz\u00e1s no era el momento indicado, un desatino, porque en la vida uno tiene que aprender a ser hidalgo, a pedir perd\u00f3n. He herido susceptibilidades, pero vuelvo a decir: no hubo ninguna mala intenci\u00f3n, no hay ninguna actitud antipatri\u00f3tica; s\u00f3lo consolidar a La Paz como un centro de eventos, como la sede de los partidos para las eliminatorias mundialistas. Gracias y disculpas\u201d, se\u00f1al\u00f3 Arias a los medios de comunicaci\u00f3n.<\/p>\n<p class=\"rtejustify\">Explic\u00f3 que el objetivo de la difusi\u00f3n de los mensajes dirigidos a la albiceleste y a su estrella Lionel Messi era mostrar una La Paz agradecida, pero fue malinterpretado.<\/p>\n<p class=\"rtejustify\">\u201cNosotros, como Alcald\u00eda, tenemos la tarea de mostrar y seguir la pol\u00edtica de \u2018La Paz en paz\u2019, La Paz que perdona, La Paz que se reconcilia y que tenemos la suerte de recibir eventos tan importantes como la eliminatoria mundialista\u201d, dijo.<\/p>\n","protected":false},"excerpt":{"rendered":"<p>El alcalde de La Paz, Iv\u00e1n Arias, se disculp\u00f3 con la poblaci\u00f3n por las gigantograf\u00edas de bienvenida a la selecci\u00f3n de Argentina, que estaban puestas en varios lugares de la urbe pace\u00f1a. Desde el fin de semana, las cr\u00edticas\u00a0 aumentaron contra Arias por su campa\u00f1a, a la que consideraron inadecuada. &nbsp; Asegur\u00f3 que quer\u00eda mostrar [&hellip;]<\/p>\n","protected":false},"author":1,"featured_media":58413,"comment_status":"open","ping_status":"closed","sticky":false,"template":"","format":"standard","meta":{"footnotes":""},"categories":[18],"tags":[],"class_list":{"0":"post-58412","1":"post","2":"type-post","3":"status-publish","4":"format-standard","5":"has-post-thumbnail","7":"category-politica"},"_links":{"self":[{"href":"https:\/\/jms.com.bo\/mediamonitor\/wp-json\/wp\/v2\/posts\/58412","targetHints":{"allow":["GET"]}}],"collection":[{"href":"https:\/\/jms.com.bo\/mediamonitor\/wp-json\/wp\/v2\/posts"}],"about":[{"href":"https:\/\/jms.com.bo\/mediamonitor\/wp-json\/wp\/v2\/types\/post"}],"author":[{"embeddable":true,"href":"https:\/\/jms.com.bo\/mediamonitor\/wp-json\/wp\/v2\/users\/1"}],"replies":[{"embeddable":true,"href":"https:\/\/jms.com.bo\/mediamonitor\/wp-json\/wp\/v2\/comments?post=58412"}],"version-history":[{"count":0,"href":"https:\/\/jms.com.bo\/mediamonitor\/wp-json\/wp\/v2\/posts\/58412\/revisions"}],"wp:featuredmedia":[{"embeddable":true,"href":"https:\/\/jms.com.bo\/mediamonitor\/wp-json\/wp\/v2\/media\/58413"}],"wp:attachment":[{"href":"https:\/\/jms.com.bo\/mediamonitor\/wp-json\/wp\/v2\/media?parent=58412"}],"wp:term":[{"taxonomy":"category","embeddable":true,"href":"https:\/\/jms.com.bo\/mediamonitor\/wp-json\/wp\/v2\/categories?post=58412"},{"taxonomy":"post_tag","embeddable":true,"href":"https:\/\/jms.com.bo\/mediamonitor\/wp-json\/wp\/v2\/tags?post=58412"}],"curies":[{"name":"wp","href":"https:\/\/api.w.org\/{rel}","templated":true}]}}