{"id":58414,"date":"2023-09-14T07:35:41","date_gmt":"2023-09-14T11:35:41","guid":{"rendered":"https:\/\/jms.com.bo\/mediamonitor\/2023\/09\/14\/exmagistrado-cusi-revela-que-la-cidh-admitio-su-demanda-contra-el-estado-por-su-ilegal-destitucion\/"},"modified":"2023-09-14T07:35:41","modified_gmt":"2023-09-14T11:35:41","slug":"exmagistrado-cusi-revela-que-la-cidh-admitio-su-demanda-contra-el-estado-por-su-ilegal-destitucion","status":"publish","type":"post","link":"https:\/\/jms.com.bo\/mediamonitor\/2023\/09\/14\/exmagistrado-cusi-revela-que-la-cidh-admitio-su-demanda-contra-el-estado-por-su-ilegal-destitucion\/","title":{"rendered":"Exmagistrado Cusi revela que la CIDH admiti\u00f3 su demanda contra el Estado por su ilegal destituci\u00f3n"},"content":{"rendered":"<div>\n<p>El exmagistrado del Tribunal Constitucional Plurinacional (TCP), Gualberto Cusi, revel\u00f3 este mi\u00e9rcoles que<strong>\u00a0hace unos d\u00edas fue notificado con la admisi\u00f3n de su demanda en la Comisi\u00f3n Interamericana de Derechos Humanos (CIDH)<\/strong>\u00a0contra el Estado boliviano<strong>\u00a0por la vulneraci\u00f3n de sus derechos con la destituci\u00f3n del cargo en 2017.<\/strong><\/p>\n<\/div>\n<div>\n<p>Cusi, que estuvo en Sucre por unas horas, se\u00f1al\u00f3 que present\u00f3 un recurso extraordinario dentro del juicio de responsabilidades que termin\u00f3 con su destituci\u00f3n del cargo de magistrado en 2017,<strong>\u00a0pero a la fecha la Asamblea Legislativa no resolvi\u00f3.<\/strong><\/p>\n<\/div>\n<div>\n<p>La exautoridad ind\u00edgena dijo que paralelamente plante\u00f3 una demanda contra el Estado ante la Comisi\u00f3n Interamericana de Derechos Humanos (CIDH), la misma que fue admitida y\u00a0<strong>notific\u00f3 al Estado boliviano para que asuma defensa y manifest\u00f3 que en los pr\u00f3ximos d\u00edas esta demanda pasar\u00e1 a la Corte Interamericana de Derechos Humanos (Corte IDH).<\/strong><\/p>\n<\/div>\n<div>\n<p>\u201cLa CIDH ha encontrado que, evidentemente,\u00a0<strong>se ha violado mis derechos constitucionales y convencionales al hacerme el juicio de responsabilidades.<\/strong>\u00a0Alg\u00fan momento dec\u00eda:<strong>\u00a0\u2018tendr\u00e1n que escupir, tendr\u00e1n que pagar los da\u00f1os y perjuicios\u2019\u00a0<\/strong>porque de manera injusta, por criterios pol\u00edticos a m\u00ed se me ha procesado y destituido\u201d, manifest\u00f3.<\/p>\n<\/div>\n<div>\n<p>Cusi, que fue cesado de funciones junto a sus colegas Soraida Chanez y Ligia Vel\u00e1squez, indic\u00f3 que\u00a0<strong>el Gobierno de Evo Morales impuls\u00f3 un juicio en su contra porque \u201cquer\u00edan un \u00f3rgano constitucional y judicial sometido a sus intereses pol\u00edticos\u201d<\/strong>. Cusi, Chanez y Vel\u00e1squez fueron procesados y destituidos porque estando en la Comisi\u00f3n de Admisi\u00f3n del TCP, dieron curso a una acci\u00f3n de inconstitucionalidad y<strong>\u00a0frenaron la vigencia de la ley del Notariado durante el Gobierno de Evo Morales.<\/strong><\/p>\n<\/div>\n<div>\n<p>\u201cAhora (el caso) pasa a la Corte IDH,\u00a0<strong>ah\u00ed tendr\u00e1 que responder el Estado boliviano<\/strong>, creo que hasta fin de a\u00f1o se conocer\u00e1 la resoluci\u00f3n de la Corte IDH, ah\u00ed el Estado boliviano, sobre todo el gobierno de Evo Morales, tendr\u00e1 que responder, por qu\u00e9 se han basado en criterios abstractos, para atentar contra la institucionalidad del TCP\u201d, afirm\u00f3.<\/p>\n<\/div>\n<div>\n<p>Dijo que est\u00e1 a la espera de que se cumplan los plazos procesales y \u201cque en alg\u00fan momento con el Estado boliviano, en la Corte IDH nos vamos a encontrar\u201d, agreg\u00f3.<\/p>\n<\/div>\n<div>\n<p>Cusi manifest\u00f3 que los parlamentarios del gobierno de Evo Morales que impulsaron el juicio de responsabilidades en su contra<strong>\u00a0tienen que pagar los da\u00f1os y perjuicios.<\/strong><\/p>\n<\/div>\n","protected":false},"excerpt":{"rendered":"<p>El exmagistrado del Tribunal Constitucional Plurinacional (TCP), Gualberto Cusi, revel\u00f3 este mi\u00e9rcoles que\u00a0hace unos d\u00edas fue notificado con la admisi\u00f3n de su demanda en la Comisi\u00f3n Interamericana de Derechos Humanos (CIDH)\u00a0contra el Estado boliviano\u00a0por la vulneraci\u00f3n de sus derechos con la destituci\u00f3n del cargo en 2017. Cusi, que estuvo en Sucre por unas horas, se\u00f1al\u00f3 [&hellip;]<\/p>\n","protected":false},"author":1,"featured_media":58415,"comment_status":"open","ping_status":"closed","sticky":false,"template":"","format":"standard","meta":{"footnotes":""},"categories":[18],"tags":[],"class_list":{"0":"post-58414","1":"post","2":"type-post","3":"status-publish","4":"format-standard","5":"has-post-thumbnail","7":"category-politica"},"_links":{"self":[{"href":"https:\/\/jms.com.bo\/mediamonitor\/wp-json\/wp\/v2\/posts\/58414","targetHints":{"allow":["GET"]}}],"collection":[{"href":"https:\/\/jms.com.bo\/mediamonitor\/wp-json\/wp\/v2\/posts"}],"about":[{"href":"https:\/\/jms.com.bo\/mediamonitor\/wp-json\/wp\/v2\/types\/post"}],"author":[{"embeddable":true,"href":"https:\/\/jms.com.bo\/mediamonitor\/wp-json\/wp\/v2\/users\/1"}],"replies":[{"embeddable":true,"href":"https:\/\/jms.com.bo\/mediamonitor\/wp-json\/wp\/v2\/comments?post=58414"}],"version-history":[{"count":0,"href":"https:\/\/jms.com.bo\/mediamonitor\/wp-json\/wp\/v2\/posts\/58414\/revisions"}],"wp:featuredmedia":[{"embeddable":true,"href":"https:\/\/jms.com.bo\/mediamonitor\/wp-json\/wp\/v2\/media\/58415"}],"wp:attachment":[{"href":"https:\/\/jms.com.bo\/mediamonitor\/wp-json\/wp\/v2\/media?parent=58414"}],"wp:term":[{"taxonomy":"category","embeddable":true,"href":"https:\/\/jms.com.bo\/mediamonitor\/wp-json\/wp\/v2\/categories?post=58414"},{"taxonomy":"post_tag","embeddable":true,"href":"https:\/\/jms.com.bo\/mediamonitor\/wp-json\/wp\/v2\/tags?post=58414"}],"curies":[{"name":"wp","href":"https:\/\/api.w.org\/{rel}","templated":true}]}}