{"id":58416,"date":"2023-09-14T07:36:29","date_gmt":"2023-09-14T11:36:29","guid":{"rendered":"https:\/\/jms.com.bo\/mediamonitor\/2023\/09\/14\/seguira-detenido-pero-la-ecografia-del-pequeno-rafael-le-dibujo-una-sonrisa-al-gobernador\/"},"modified":"2023-09-14T07:36:29","modified_gmt":"2023-09-14T11:36:29","slug":"seguira-detenido-pero-la-ecografia-del-pequeno-rafael-le-dibujo-una-sonrisa-al-gobernador","status":"publish","type":"post","link":"https:\/\/jms.com.bo\/mediamonitor\/2023\/09\/14\/seguira-detenido-pero-la-ecografia-del-pequeno-rafael-le-dibujo-una-sonrisa-al-gobernador\/","title":{"rendered":"Seguir\u00e1 detenido, pero la ecograf\u00eda del peque\u00f1o Rafael le dibuj\u00f3 una sonrisa al gobernador"},"content":{"rendered":"<div>\n<div>\n<p>Durante la audiencia del gobernador Luis Fernando Camacho, en la que se ped\u00eda medidas cautelares menos gravosas a la detenci\u00f3n preventiva, tomando en cuenta que hab\u00eda vencido el plazo a su detenci\u00f3n preventiva y a su delicado estado de salud, pedido que fue denegado, su esposa, F\u00e1tima Jord\u00e1n, exhibi\u00f3 una ecograf\u00eda del beb\u00e9 que espera,\u00a0<strong>provocando que se dibuje una sonrisa en la primera autoridad de Santa Cruz<\/strong>.<\/p>\n<p>El pasado 27 de mayo, aprovechando el D\u00eda de las Madres, Luis Fernando Camacho confirm\u00f3 que su esposa, la ex reina del Carnaval, F\u00e1tima Jord\u00e1n, estaba embarazada y el 19 de junio, a trav\u00e9s de un video de una ecograf\u00eda, revelaron que<strong>\u00a0<\/strong><strong>el beb\u00e9 en camino es un ni\u00f1o\u00a0y llevar\u00e1 el nombre de Rafael.<\/strong><\/p>\n<\/div>\n<\/div>\n<div>\n<div>\n<p>\u201cHoy recib\u00ed una maravillosa noticia que quiero compartir con todos ustedes, que desde mi secuestro se preocupan y est\u00e1n al pendiente de lo que me pasa (\u2026) Viene en camino mi hijo, est\u00e1 fuerte, est\u00e1 sano y crece en el vientre de su mamita. Hoy nos acaban de confirmar que ser\u00e1 varoncito y hasta nombre ya tiene:<strong>\u00a0se llamar\u00e1 Rafael<\/strong>\u201d, escribi\u00f3 en esa oportunidad Camacho.<\/p>\n<p>Se trata del<strong>\u00a0cuarto hijo del gobernador y el primero con la e reina<\/strong>. Su llegada ha sido un b\u00e1lsamo para la pareja que a meses de casados, enfrent\u00f3 el encarcelamiento de Camacho, acusado por el caso de supuesto Golpe I, por el que este lleva detenido nueve meses en el penal de Chonchocoro, en La Paz, y hasta donde su esposa viaja continuamente.<\/p>\n<p><strong>En julio pasado la primera autoridad del departamento hab\u00eda destacado que estaba muy bien, \u00ab\u00bfC<\/strong>\u00f3mo no estarlo? Cada vez que el MAS me miente, cada vez que me imputan, cada vez que enfrento actos de odio,\u00a0<strong>Dios encuentra la manera de bendecirme<\/strong>, de bendecirnos como familia\u00bb, afirm\u00f3.<\/p>\n<p>Este mi\u00e9rcoles 13 de septiembre su esposa, aprovechando la conexi\u00f3n en l\u00ednea durante la audiencia,\u00a0<strong>puso frente a la c\u00e1mara una ecograf\u00eda actualizada del beb\u00e9 Rafael<\/strong>, e inmediatamente se dibuj\u00f3 una sonrisa en el rostro del gobernador, que durante esa misma audiencia manifest\u00f3 que\u00a0<strong>en m\u00e1s de mil maneras intentaron quebrarlo en la c\u00e1rcel, pero que \u00e9l nunca se pondr\u00e1 de rodillas\u00a0<\/strong>y saldr\u00e1 con su dignidad intacta.<\/p>\n<p><span style=\"color: #1b1b1b; font-family: inherit;\">En redes sociales, su amigo, el presidente de la Asamblea Legislativa Departamental, Zvonko Matkovic, subi\u00f3 la imagen congelada de la ecograf\u00eda y le dedic\u00f3 un post diciendo: \u00ab<\/span>\u00a1Fot\u00f3n!<strong>\u00a0En esa imagen est\u00e1 todo lo que importa realmente hermano<\/strong>, los imb\u00e9ciles de turno son solo bulla de fondo\u00bb.<\/p>\n<\/div>\n<\/div>\n","protected":false},"excerpt":{"rendered":"<p>Durante la audiencia del gobernador Luis Fernando Camacho, en la que se ped\u00eda medidas cautelares menos gravosas a la detenci\u00f3n preventiva, tomando en cuenta que hab\u00eda vencido el plazo a su detenci\u00f3n preventiva y a su delicado estado de salud, pedido que fue denegado, su esposa, F\u00e1tima Jord\u00e1n, exhibi\u00f3 una ecograf\u00eda del beb\u00e9 que espera,\u00a0provocando [&hellip;]<\/p>\n","protected":false},"author":1,"featured_media":58417,"comment_status":"open","ping_status":"closed","sticky":false,"template":"","format":"standard","meta":{"footnotes":""},"categories":[18,48,46],"tags":[],"class_list":{"0":"post-58416","1":"post","2":"type-post","3":"status-publish","4":"format-standard","5":"has-post-thumbnail","7":"category-politica","8":"category-portada-general-sitio","9":"category-portada-politica"},"_links":{"self":[{"href":"https:\/\/jms.com.bo\/mediamonitor\/wp-json\/wp\/v2\/posts\/58416","targetHints":{"allow":["GET"]}}],"collection":[{"href":"https:\/\/jms.com.bo\/mediamonitor\/wp-json\/wp\/v2\/posts"}],"about":[{"href":"https:\/\/jms.com.bo\/mediamonitor\/wp-json\/wp\/v2\/types\/post"}],"author":[{"embeddable":true,"href":"https:\/\/jms.com.bo\/mediamonitor\/wp-json\/wp\/v2\/users\/1"}],"replies":[{"embeddable":true,"href":"https:\/\/jms.com.bo\/mediamonitor\/wp-json\/wp\/v2\/comments?post=58416"}],"version-history":[{"count":0,"href":"https:\/\/jms.com.bo\/mediamonitor\/wp-json\/wp\/v2\/posts\/58416\/revisions"}],"wp:featuredmedia":[{"embeddable":true,"href":"https:\/\/jms.com.bo\/mediamonitor\/wp-json\/wp\/v2\/media\/58417"}],"wp:attachment":[{"href":"https:\/\/jms.com.bo\/mediamonitor\/wp-json\/wp\/v2\/media?parent=58416"}],"wp:term":[{"taxonomy":"category","embeddable":true,"href":"https:\/\/jms.com.bo\/mediamonitor\/wp-json\/wp\/v2\/categories?post=58416"},{"taxonomy":"post_tag","embeddable":true,"href":"https:\/\/jms.com.bo\/mediamonitor\/wp-json\/wp\/v2\/tags?post=58416"}],"curies":[{"name":"wp","href":"https:\/\/api.w.org\/{rel}","templated":true}]}}