{"id":58418,"date":"2023-09-14T07:38:07","date_gmt":"2023-09-14T11:38:07","guid":{"rendered":"https:\/\/jms.com.bo\/mediamonitor\/2023\/09\/14\/segun-el-ibce-el-98-de-los-ciudadanos-en-santa-cruz-rechaza-los-bloqueos-y-el-89-pide-sanciones\/"},"modified":"2023-09-14T07:38:07","modified_gmt":"2023-09-14T11:38:07","slug":"segun-el-ibce-el-98-de-los-ciudadanos-en-santa-cruz-rechaza-los-bloqueos-y-el-89-pide-sanciones","status":"publish","type":"post","link":"https:\/\/jms.com.bo\/mediamonitor\/2023\/09\/14\/segun-el-ibce-el-98-de-los-ciudadanos-en-santa-cruz-rechaza-los-bloqueos-y-el-89-pide-sanciones\/","title":{"rendered":"Seg\u00fan el IBCE, el 98% de los ciudadanos en Santa Cruz rechaza los bloqueos y el 89% pide sanciones"},"content":{"rendered":"<p>Un sondeo de opini\u00f3n realizado por el\u00a0<a href=\"https:\/\/ibce.org.bo\/\">Instituto Boliviano de Comercio Exterior<\/a>\u00a0(IBCE) revel\u00f3 que el 98% de los ciudadanos en Santa Cruz rechaza los bloqueos por los perjuicios que ocasionan; mientras que el 89% est\u00e1 de acuerdo con que se sancione a los bloqueadores.<\/p>\n<p>Los resultados del sondeo se presentaron este mi\u00e9rcoles por el gerente general del IBCE, Gary Rodr\u00edguez, quien dijo que se realizaron ocho consultas.<\/p>\n<p>\u201cSe realiz\u00f3 un sondeo de opini\u00f3n para conocer las expresiones desde la sociedad civil. Las tres principales respuestas, con mayor ponderaci\u00f3n tienen el 98%\u201d, explic\u00f3 Rodr\u00edguez en conferencia de prensa.<\/p>\n<p>Seg\u00fan los resultados, el 98% opin\u00f3 que debe primar el di\u00e1logo en vez del bloqueo. Otro porcentaje similar indica que los bloqueos causan perjuicios al desarrollo del pa\u00eds, pero adem\u00e1s da\u00f1an la imagen de Bolivia en el exterior.<\/p>\n<p>Asimismo, el 97% de los encuestados respondi\u00f3 que los bloqueos afectan a los derechos humanos fundamentales, como la libre circulaci\u00f3n y el trabajo. Y el 95% dijo no estar de acuerdo con una medida de presi\u00f3n de esta naturaleza.<\/p>\n<p>El 90% opin\u00f3 que bloquear caminos debe ser considerado un delito y el 89% indic\u00f3 estar de acuerdo que se debe sancionar a los bloqueadores por los da\u00f1os que causen.<\/p>\n<p>\u201c(Los bloqueos) son una mala siembra que puede llevar a lamentables consecuencias. \u00ab\u00bfPor qu\u00e9 no podemos vivir en armon\u00eda, en paz social?, \u00bfpor qu\u00e9 el di\u00e1logo no se est\u00e1 dando o no est\u00e1 funcionando? La sociedad debe aprender a resolver sus diferencias, pero adem\u00e1s sus aspiraciones justas o no, a trav\u00e9s del di\u00e1logo\u00bb, dijo.<\/p>\n<p>Lea m\u00e1s:\u00a0<a href=\"https:\/\/www.la-razon.com\/economia\/2023\/09\/12\/comunarios-de-buena-vista-dan-plazo-de-24-horas-para-conocer-cronograma-o-iran-al-bloqueo-indefinido\/\" target=\"_blank\" rel=\"noreferrer noopener\">Comunarios de Buena Vista dan plazo de 24 horas para conocer cronograma o ir\u00e1n al bloqueo indefinido<\/a><\/p>\n<h2>Bloqueos<\/h2>\n<p>Reiter\u00f3 que los bloqueos ocasionan una p\u00e9rdida econ\u00f3mica de $us 10 millones al comercio exterior y a los sectores productivos, que terminan siendo los m\u00e1s afectados.<\/p>\n<p>Rodr\u00edguez reflexion\u00f3 que en el pa\u00eds deber\u00eda existir una sanci\u00f3n para este tipo de medidas, bas\u00e1ndose en las normas actuales y haciendo primar los derechos fundamentales consagrados incluso a nivel internacional, como la libre transitabilidad y el derecho al trabajo.<\/p>\n<p>De acuerdo con el IBCE, hasta agosto de este a\u00f1o se han reportado m\u00e1s de 150 bloqueos que han afectado solo a esta regi\u00f3n del pa\u00eds generando p\u00e9rdidas por $us 10 millones por cada d\u00eda en que se cumple estas protestas.<\/p>\n<p>Con la pr\u00e1ctica constante del bloqueo se observa, dijo, una constataci\u00f3n de que \u201calgo anda mal en Bolivia, ya que, o no hay di\u00e1logo o el di\u00e1logo no funciona\u201d para la resoluci\u00f3n de conflictos.<\/p>\n<p>Este mi\u00e9rcoles en Santa Cruz se registraron dos sectores bloqueados. En el municipio de Cuatro Ca\u00f1adas, miembros de una comunidad que piden a la Alcald\u00eda municipal de la zona la construcci\u00f3n de casas solidarias.<\/p>\n<p>Mientras que en horas de la ma\u00f1ana se confirm\u00f3 la instalaci\u00f3n de una protesta que cort\u00f3 la transitabilidad en San Juli\u00e1n y que es llevada adelante por productores de ma\u00edz.<\/p>\n","protected":false},"excerpt":{"rendered":"<p>Un sondeo de opini\u00f3n realizado por el\u00a0Instituto Boliviano de Comercio Exterior\u00a0(IBCE) revel\u00f3 que el 98% de los ciudadanos en Santa Cruz rechaza los bloqueos por los perjuicios que ocasionan; mientras que el 89% est\u00e1 de acuerdo con que se sancione a los bloqueadores. Los resultados del sondeo se presentaron este mi\u00e9rcoles por el gerente general [&hellip;]<\/p>\n","protected":false},"author":1,"featured_media":58419,"comment_status":"open","ping_status":"closed","sticky":false,"template":"","format":"standard","meta":{"footnotes":""},"categories":[25],"tags":[],"class_list":{"0":"post-58418","1":"post","2":"type-post","3":"status-publish","4":"format-standard","5":"has-post-thumbnail","7":"category-economia"},"_links":{"self":[{"href":"https:\/\/jms.com.bo\/mediamonitor\/wp-json\/wp\/v2\/posts\/58418","targetHints":{"allow":["GET"]}}],"collection":[{"href":"https:\/\/jms.com.bo\/mediamonitor\/wp-json\/wp\/v2\/posts"}],"about":[{"href":"https:\/\/jms.com.bo\/mediamonitor\/wp-json\/wp\/v2\/types\/post"}],"author":[{"embeddable":true,"href":"https:\/\/jms.com.bo\/mediamonitor\/wp-json\/wp\/v2\/users\/1"}],"replies":[{"embeddable":true,"href":"https:\/\/jms.com.bo\/mediamonitor\/wp-json\/wp\/v2\/comments?post=58418"}],"version-history":[{"count":0,"href":"https:\/\/jms.com.bo\/mediamonitor\/wp-json\/wp\/v2\/posts\/58418\/revisions"}],"wp:featuredmedia":[{"embeddable":true,"href":"https:\/\/jms.com.bo\/mediamonitor\/wp-json\/wp\/v2\/media\/58419"}],"wp:attachment":[{"href":"https:\/\/jms.com.bo\/mediamonitor\/wp-json\/wp\/v2\/media?parent=58418"}],"wp:term":[{"taxonomy":"category","embeddable":true,"href":"https:\/\/jms.com.bo\/mediamonitor\/wp-json\/wp\/v2\/categories?post=58418"},{"taxonomy":"post_tag","embeddable":true,"href":"https:\/\/jms.com.bo\/mediamonitor\/wp-json\/wp\/v2\/tags?post=58418"}],"curies":[{"name":"wp","href":"https:\/\/api.w.org\/{rel}","templated":true}]}}