{"id":58422,"date":"2023-09-14T07:40:58","date_gmt":"2023-09-14T11:40:58","guid":{"rendered":"https:\/\/jms.com.bo\/mediamonitor\/2023\/09\/14\/salarios-por-arriba-de-los-bs-13-000-seguiran-subvencionando-al-fondo-solidario\/"},"modified":"2023-09-14T07:40:58","modified_gmt":"2023-09-14T11:40:58","slug":"salarios-por-arriba-de-los-bs-13-000-seguiran-subvencionando-al-fondo-solidario","status":"publish","type":"post","link":"https:\/\/jms.com.bo\/mediamonitor\/2023\/09\/14\/salarios-por-arriba-de-los-bs-13-000-seguiran-subvencionando-al-fondo-solidario\/","title":{"rendered":"Salarios por arriba de los Bs 13.000 seguir\u00e1n \u2018subvencionando\u2019 al Fondo Solidario"},"content":{"rendered":"<div>\n<p>Para lograr\u00a0<strong>mejorar\u00a0<\/strong>el ingreso de los jubilados que perciben\u00a0<strong>pensiones bajas<\/strong>, el Gobierno contempla que los trabajadores que tengan\u00a0<strong>salarios\u00a0<\/strong>por arriba de los Bs 13.000 seguir\u00e1n siendo los encargados de \u2018<strong>subvencionar<\/strong>\u2019 el incremento de los l\u00edmites solidarios.<\/p>\n<\/div>\n<div>\n<p>As\u00ed lo indic\u00f3 el viceministro de Pensiones y Servicios Financieros, Franz Apaza, que explic\u00f3 el Proyecto de Ley de Incremento a los L\u00edmites Solidarios, establece un incremento adicional de aportes al Fondo Solidario, medida que se aplicar\u00e1 solo a aquellos\u00a0<strong>trabajadores<\/strong>\u00a0<strong>que perciban un salario por encima de Bs 13.000,<\/strong>\u00a0para este sector, actualmente su aporte es del 1% y subir\u00eda al 1,15%, el incremento ser\u00eda de un 0,15%.<\/p>\n<\/div>\n<div>\n<p>\u201cEste\u00a0<strong>incremento es razonable<\/strong>\u00a0para un segmento de la poblaci\u00f3n que tiene ingresos elevados dentro de lo que es la masa laboral de nuestro pa\u00eds\u201d, precis\u00f3 Apaza.<\/p>\n<\/div>\n<div>\n<p>La autoridad puntualiz\u00f3 que un\u00a0<strong>trabajador\u00a0<\/strong>con un salario de Bs 15.000, en la actualidad aporta Bs 20 al<strong>\u00a0Fondo Solidario\u00a0<\/strong>y que con la nueva propuesta se busca adicionar otros Bs 3.<\/p>\n<\/div>\n<div>\n<p>Si una persona gana Bs 17.000, en la actualidad aporta Bs 40 y con el\u00a0<strong>cambio de normativa<\/strong>\u00a0el descuento subir\u00e1 a Bs 46 (Bs 6 m\u00e1s) y los que ganen Bs 20.000, de financiar con Bs 70 pasar\u00e1n a aportar Bs 81, lo que significa un aumento de Bs 11.<\/p>\n<\/div>\n<div>\n<p>El viceministro detall\u00f3 que, a<strong>\u00a0escala nacional,<\/strong>\u00a0el 94% de los trabajadores percibe un salario por debajo de los Bs 13.000 y\u00a0<strong>solo el 6% tiene un salario por encima de Bs 13.000<\/strong>, \u201ces decir que este incremento afectar\u00e1 solo al 6% de este segmento de los trabajadores con ingresos superiores a los 13.000 bolivianos\u201d, sostuvo.<\/p>\n<\/div>\n<div>\n<p>Al respecto, Jaime Dunn, analista econ\u00f3mico, lament\u00f3 que se siga castigando a los\u00a0<strong>sectores que generan riqueza<\/strong>\u00a0y que los\u00a0<strong>proyectos sociales\u00a0<\/strong>que lleva adelante el actual Gobierno se financien \u201c<strong>con dinero ajeno<\/strong>. En donde la l\u00f3gica es la redistribuci\u00f3n de la riqueza en vez de potenciar la generaci\u00f3n de los excedentes\u201d, observ\u00f3.<\/p>\n<\/div>\n<div>\n<p>A tiempo de remarcar que decir que solo el 6% de la poblaci\u00f3n se ver\u00e1 afectada por los nuevos incrementos, es no tomar en cuenta que ese\u00a0<strong>porcentaje\u00a0<\/strong>esta compuesto por\u00a0<strong>personas y ciudadanos que aportan al pa\u00eds<\/strong>, que se especializan, que estudian y se capacitan para lograr un mejor salario.<\/p>\n<\/div>\n<div>\n<p>\u201cSe sigue castigando al que busca destacarse, al que no espera nada del Estado y tiene iniciativa propia. Nuevamente la\u00a0<strong>dictadura de la mayor\u00eda castiga al \u00e9xito<\/strong>\u00a0y obliga a ser solidarios\u201d, critic\u00f3 Dunn.<\/p>\n<\/div>\n<div>\n<p><strong>Los recursos disponibles<\/strong><\/p>\n<\/div>\n<div>\n<p>Ante la consulta de\u00a0<strong>EL DEBER<\/strong>, desde el Ministerio de Econom\u00eda y Finanzas P\u00fablicas, informaron que el incremento al Aporte Patronal Solidario y al Aporte Nacional Solidario de los asegurados con ingresos elevados, representa un\u00a0<strong>incremento al Fondo Solidario de $us 46,4 millones,<\/strong>\u00a0lo que representa un aumento del 0,2% del total de los Fondos de Pensiones.<\/p>\n<\/div>\n<div>\n<p>\u201cCabe se\u00f1alar que los Fondos del Sistema Integral de Pensiones est\u00e1n compuestos por el Fondo de Vejez, el Fondo de Riesgos y el Fondo de Ahorro Previsional, que sumado al Fondo Solidario, a junio de 2023 alcanzan a $us 24.843 millones\u201d, precisaron desde la cartera Econ\u00f3mica.<\/p>\n<\/div>\n<div>\n<p>En cuanto al\u00a0<strong>dinero vigente en el Fondo Solidario,<\/strong>\u00a0en principio seg\u00fan datos de la\u00a0Autoridad de Fiscalizaci\u00f3n y Control de Pensiones y Seguros (APS),\u00a0a mayo de 2023, se ubicaban en un poco m\u00e1s de Bs 687 millones, cuando en abril el saldo del Fondo Solidario fue de Bs 27.304 millones.<\/p>\n<\/div>\n<div>\n<p>Al respecto, David Villarreal, experto en temas de Seguridad Social, sostuvo la\u00a0<strong>cifra de mayo era llamativa y muy baja\u00a0<\/strong>y que era posible que refleje los datos solo de la recaudaci\u00f3n realizada por la\u00a0<strong>Gestora P\u00fablica<\/strong>\u00a0y que no se estaba tomando en cuenta los de las Administradoras de Fondos de Pensiones (AFP).<\/p>\n<\/div>\n<div>\n<p>En el cruce de datos, el<strong>\u00a0Ministerio de Econom\u00eda y Finanzas P\u00fablicas<\/strong>\u00a0desecho la ca\u00edda de los recursos del Fondo Solidario y subray\u00f3 que seg\u00fan datos de la APS a abril de la presente gesti\u00f3n, los recursos del Fondo Solidario alcanzaron a Bs 27.304 millones ($us 3.980 millones) en mayo el monto subi\u00f3 a Bs 27.528 millones ($us 4.013 millones) y en junio de 2023 el fondo alcanz\u00f3 a los Bs 27.539 millones ($us 4.014 millones).<\/p>\n<\/div>\n<div>\n<p>En cuanto a la\u00a0<strong>sostenibilidad del pago\u00a0<\/strong>de las pensiones solidarias, desde esta dependencia gubernamental reiteraron que los recursos del Fondo Solidario a junio alcanzan y\u00a0<strong>garantizan la sostenibilidad del fondo\u00a0<\/strong>y el pago de la Fracci\u00f3n Solidaria a los beneficiarios (actuales y futuros) de la Pensi\u00f3n Solidaria de Vejez.<\/p>\n<\/div>\n<div>\n<p>\u201cActualmente, los\u00a0<strong>Jubilados del Sistema Integral de Pensiones\u00a0<\/strong>alcanzan a 219.266 personas, de las cuales 151.134 reciben una Pensi\u00f3n Solidaria de Vejez, que representan el 69% del total\u201d, detallaron y que acuerdo con un Estudio Matem\u00e1tico Actuarial del Fondo Solidario, realizado la pasada gesti\u00f3n, la sostenibilidad de dicho fondo alcanza a la gesti\u00f3n 2048.<\/p>\n<\/div>\n<div>\n<p>El Proyecto de Ley de Incremento a los L\u00edmites Solidarios (PL-395\/2022-2023), a\u00fan debe ser tratado en la\u00a0<strong>Asamblea Legislativa Plurinacional.<\/strong><\/p>\n<\/div>\n","protected":false},"excerpt":{"rendered":"<p>Para lograr\u00a0mejorar\u00a0el ingreso de los jubilados que perciben\u00a0pensiones bajas, el Gobierno contempla que los trabajadores que tengan\u00a0salarios\u00a0por arriba de los Bs 13.000 seguir\u00e1n siendo los encargados de \u2018subvencionar\u2019 el incremento de los l\u00edmites solidarios. As\u00ed lo indic\u00f3 el viceministro de Pensiones y Servicios Financieros, Franz Apaza, que explic\u00f3 el Proyecto de Ley de Incremento a [&hellip;]<\/p>\n","protected":false},"author":1,"featured_media":58423,"comment_status":"open","ping_status":"closed","sticky":false,"template":"","format":"standard","meta":{"footnotes":""},"categories":[25],"tags":[],"class_list":{"0":"post-58422","1":"post","2":"type-post","3":"status-publish","4":"format-standard","5":"has-post-thumbnail","7":"category-economia"},"_links":{"self":[{"href":"https:\/\/jms.com.bo\/mediamonitor\/wp-json\/wp\/v2\/posts\/58422","targetHints":{"allow":["GET"]}}],"collection":[{"href":"https:\/\/jms.com.bo\/mediamonitor\/wp-json\/wp\/v2\/posts"}],"about":[{"href":"https:\/\/jms.com.bo\/mediamonitor\/wp-json\/wp\/v2\/types\/post"}],"author":[{"embeddable":true,"href":"https:\/\/jms.com.bo\/mediamonitor\/wp-json\/wp\/v2\/users\/1"}],"replies":[{"embeddable":true,"href":"https:\/\/jms.com.bo\/mediamonitor\/wp-json\/wp\/v2\/comments?post=58422"}],"version-history":[{"count":0,"href":"https:\/\/jms.com.bo\/mediamonitor\/wp-json\/wp\/v2\/posts\/58422\/revisions"}],"wp:featuredmedia":[{"embeddable":true,"href":"https:\/\/jms.com.bo\/mediamonitor\/wp-json\/wp\/v2\/media\/58423"}],"wp:attachment":[{"href":"https:\/\/jms.com.bo\/mediamonitor\/wp-json\/wp\/v2\/media?parent=58422"}],"wp:term":[{"taxonomy":"category","embeddable":true,"href":"https:\/\/jms.com.bo\/mediamonitor\/wp-json\/wp\/v2\/categories?post=58422"},{"taxonomy":"post_tag","embeddable":true,"href":"https:\/\/jms.com.bo\/mediamonitor\/wp-json\/wp\/v2\/tags?post=58422"}],"curies":[{"name":"wp","href":"https:\/\/api.w.org\/{rel}","templated":true}]}}