{"id":58717,"date":"2023-09-19T07:37:15","date_gmt":"2023-09-19T11:37:15","guid":{"rendered":"https:\/\/jms.com.bo\/mediamonitor\/2023\/09\/19\/boyuy-de-la-broma-del-mar-de-gas-al-proceso-penal-por-estafa\/"},"modified":"2023-09-19T07:37:15","modified_gmt":"2023-09-19T11:37:15","slug":"boyuy-de-la-broma-del-mar-de-gas-al-proceso-penal-por-estafa","status":"publish","type":"post","link":"https:\/\/jms.com.bo\/mediamonitor\/2023\/09\/19\/boyuy-de-la-broma-del-mar-de-gas-al-proceso-penal-por-estafa\/","title":{"rendered":"Boyuy: de la \u201cbroma\u201d del mar de gas al proceso penal por estafa"},"content":{"rendered":"<p style=\"text-align: justify;\">Aunque el asunto era conocido en los c\u00edrculos petroleros de alto nivel y el gobierno \u2013 incluso el de Jeanine \u00c1\u00f1ez \u2013 hab\u00eda decidido mantener la verdad oculta entre los farragosos informes que acompa\u00f1an las cuentas de liquidaci\u00f3n de las petroleras con el Estado en eso que se llaman \u201ccostos recuperables\u201d, el ministro de Hidrocarburos Franklin Molina decidi\u00f3 romper el status quo y hacer p\u00fablico ese \u201cpeque\u00f1o detalle\u201d sobre qui\u00e9n pag\u00f3 la exploraci\u00f3n en el pozo Boyuy X2, c\u00e9lebre por ser el m\u00e1s profundo del continente, seg\u00fan el ministro de la \u00e9poca, Luis Alberto S\u00e1nchez, pero seco.<\/p>\n<p style=\"text-align: justify;\">La perforaci\u00f3n de Boyuy en Caipipendi \u2013 el bloque de Margarita \u2013 se gest\u00f3 al m\u00e1s alto nivel. El propio presidente corporativo de Repsol, Antonio Brufau, visit\u00f3 en junio de 2017 Bolivia y se comprometi\u00f3 con aquella perforaci\u00f3n mientras compart\u00eda risas y abrazos con el presidente Evo Morales. Solo unos meses antes se hab\u00eda aprobado la conformaci\u00f3n de un \u201cFondo de Incentivos\u201d con el 12 por ciento del IDH confiscado a Gobernaciones, Municipios y Universidades que ten\u00eda el objetivo de que las petroleras aceleraran los trabajos en sus \u00e1reas. El proyecto de Boyuy encajaba a la perfecci\u00f3n.<\/p>\n<p style=\"text-align: justify;\">Las declaraciones sobre el potencial de Boyuy eran, como casi siempre, imprudentes, pues especular con \u00e9xitos gloriosos se convirti\u00f3 en se\u00f1a de identidad del ministro Luis Alberto S\u00e1nchez. Sin embargo, a finales de 2018 empezaron a sonar las alarmas sobre lo que estaba sucediendo en ese proyecto.<\/p>\n<p style=\"text-align: justify;\">Norma La norma dice que si hay \u00e9xito paga el TGN y si hay fracaso, la petrolera, pero en el caso de Boyuy no se ha aplicado.<\/p>\n<p style=\"text-align: justify;\">La nacionalizaci\u00f3n del decreto de 2006 de Andr\u00e9s Soliz Rada se descafein\u00f3 unos meses despu\u00e9s, ya con el exministro nacionalizador fuera del gobierno, cuando el vicepresidente \u00c1lvaro Garc\u00eda Linera renegoci\u00f3 los contratos con las petroleras que estaban operando en el pa\u00eds y que por lo general, no salieron corriendo. La renegociaci\u00f3n la capitane\u00f3 precisamente Repsol y Brufau, que pas\u00f3 a ser \u00edntimo de Morales, relaci\u00f3n que se mantuvo en el tiempo incluso cuando Argentina recuper\u00f3 YPF. De aquella renegociaci\u00f3n salieron por un lado los famosos anexos que contemplaban los \u201ccostos recuperables\u201d, es decir, gastos en los que incurr\u00edan las petroleras y que acababa pagando (o deduci\u00e9ndose) el Estado boliviano, y por otro, esa interpretaci\u00f3n de \u201csocios y no patrones\u201d as\u00ed como la excusa perfecta para quienes quer\u00edan impedir que YPFB se metiera de lleno en la exploraci\u00f3n: es un rubro riesgoso (que lo es) y en este sistema solo se paga (v\u00eda costos recuperables) si hay \u00e9xito. No si hay fracaso.<\/p>\n<p style=\"text-align: justify;\">Es conocido que Boyuy se fue a los 8.000 metros, que hubo malestar cuando en enero de 2019 S\u00e1nchez llev\u00f3 a Morales a inaugurar un pozo que ya se sab\u00eda que era improductivo y que de all\u00ed sali\u00f3 el chiste del \u201cmar de gas\u201d que ahora utilizan los peones arcistas para criticar la pol\u00edtica petrolera heredada.<\/p>\n<p style=\"text-align: justify;\">Lo que no hab\u00eda quedado tan claro era qui\u00e9n hab\u00eda pagado los 126 millones de d\u00f3lares que se reconocieron como gasto (porque inversi\u00f3n no es) en 2019 y que ya entonces resultaba extraordinariamente alto, pues un pozo ordinario \u2013 entre los 4.500 y 6.000 metros de profundidad \u2013 se suele estimar entre los 40 y 50 millones de d\u00f3lares. El ministro no ha dejado lugar a dudas: lo hizo el Estado, se supone, que porque el Estado asumi\u00f3 continuar con unos trabajos que Repsol quiso parar.<\/p>\n<p style=\"text-align: justify;\">Molina es de los que est\u00e1n en modo defensa del arcismo frente a los ataques del evismo. A\u00fan as\u00ed no est\u00e1 claro si utilizar\u00e1 el tema para exigir una responsabilidad por \u201cfalsedad material e ideol\u00f3gica, estafa\u201d como se\u00f1alan algunos de los analistas \u201cliberales\u201d como Jorge Gumucio o \u00c1lvaro R\u00edos.<\/p>\n","protected":false},"excerpt":{"rendered":"<p>Aunque el asunto era conocido en los c\u00edrculos petroleros de alto nivel y el gobierno \u2013 incluso el de Jeanine \u00c1\u00f1ez \u2013 hab\u00eda decidido mantener la verdad oculta entre los farragosos informes que acompa\u00f1an las cuentas de liquidaci\u00f3n de las petroleras con el Estado en eso que se llaman \u201ccostos recuperables\u201d, el ministro de Hidrocarburos [&hellip;]<\/p>\n","protected":false},"author":4,"featured_media":58718,"comment_status":"open","ping_status":"closed","sticky":false,"template":"","format":"standard","meta":{"footnotes":""},"categories":[40,23],"tags":[],"class_list":{"0":"post-58717","1":"post","2":"type-post","3":"status-publish","4":"format-standard","5":"has-post-thumbnail","7":"category-bolivia","8":"category-hidrocarburos"},"_links":{"self":[{"href":"https:\/\/jms.com.bo\/mediamonitor\/wp-json\/wp\/v2\/posts\/58717","targetHints":{"allow":["GET"]}}],"collection":[{"href":"https:\/\/jms.com.bo\/mediamonitor\/wp-json\/wp\/v2\/posts"}],"about":[{"href":"https:\/\/jms.com.bo\/mediamonitor\/wp-json\/wp\/v2\/types\/post"}],"author":[{"embeddable":true,"href":"https:\/\/jms.com.bo\/mediamonitor\/wp-json\/wp\/v2\/users\/4"}],"replies":[{"embeddable":true,"href":"https:\/\/jms.com.bo\/mediamonitor\/wp-json\/wp\/v2\/comments?post=58717"}],"version-history":[{"count":0,"href":"https:\/\/jms.com.bo\/mediamonitor\/wp-json\/wp\/v2\/posts\/58717\/revisions"}],"wp:featuredmedia":[{"embeddable":true,"href":"https:\/\/jms.com.bo\/mediamonitor\/wp-json\/wp\/v2\/media\/58718"}],"wp:attachment":[{"href":"https:\/\/jms.com.bo\/mediamonitor\/wp-json\/wp\/v2\/media?parent=58717"}],"wp:term":[{"taxonomy":"category","embeddable":true,"href":"https:\/\/jms.com.bo\/mediamonitor\/wp-json\/wp\/v2\/categories?post=58717"},{"taxonomy":"post_tag","embeddable":true,"href":"https:\/\/jms.com.bo\/mediamonitor\/wp-json\/wp\/v2\/tags?post=58717"}],"curies":[{"name":"wp","href":"https:\/\/api.w.org\/{rel}","templated":true}]}}